{"id":1617,"date":"2023-06-21T17:40:41","date_gmt":"2023-06-21T15:40:41","guid":{"rendered":"https:\/\/reglo.ch\/staatsbuergerschaft-privatsphaere-schutz\/kindesschutz\/"},"modified":"2026-03-24T16:29:55","modified_gmt":"2026-03-24T15:29:55","slug":"kindesschutz","status":"publish","type":"post","link":"https:\/\/reglo.ch\/de\/familie\/kindesschutz\/","title":{"rendered":"Kindesschutz"},"content":{"rendered":"\t\t<div data-elementor-type=\"wp-post\" data-elementor-id=\"1617\" class=\"elementor elementor-1617 elementor-560\" data-elementor-post-type=\"post\">\n\t\t\t\t<div class=\"elementor-element elementor-element-3602fe2 e-flex e-con-boxed e-con e-parent\" data-id=\"3602fe2\" data-element_type=\"container\" data-e-type=\"container\">\n\t\t\t\t\t<div class=\"e-con-inner\">\n\t\t\t\t<div class=\"elementor-element elementor-element-acda033 elementor-widget elementor-widget-text-editor\" data-id=\"acda033\" data-element_type=\"widget\" data-e-type=\"widget\" data-widget_type=\"text-editor.default\">\n\t\t\t\t<div class=\"elementor-widget-container\">\n\t\t\t\t\t\t\t\t\t<p><span style=\"font-weight: 400;\">Der Kinderschutz strebt das Wohl des Kindes an. Grunds\u00e4tzlich m\u00fcssen deine Eltern oder gesetzlichen Vertreter in erster Linie f\u00fcr dein Wohl sorgen. Manchmal gelingt ihnen das nicht oder nicht mehr und es m\u00fcssen Massnahmen ergriffen werden, um dich zu sch\u00fctzen.  <\/span><\/p>\t\t\t\t\t\t\t\t<\/div>\n\t\t\t\t<\/div>\n\t\t\t\t\t<\/div>\n\t\t\t\t<\/div>\n\t\t<div class=\"elementor-element elementor-element-d951dbf e-flex e-con-boxed e-con e-parent\" data-id=\"d951dbf\" data-element_type=\"container\" data-e-type=\"container\">\n\t\t\t\t\t<div class=\"e-con-inner\">\n\t\t\t\t<div class=\"elementor-element elementor-element-b4c40dc e-n-tabs-mobile elementor-widget elementor-widget-n-tabs\" data-id=\"b4c40dc\" data-element_type=\"widget\" data-e-type=\"widget\" data-settings=\"{&quot;tabs_justify_horizontal&quot;:&quot;stretch&quot;,&quot;horizontal_scroll&quot;:&quot;disable&quot;}\" data-widget_type=\"nested-tabs.default\">\n\t\t\t\t<div class=\"elementor-widget-container\">\n\t\t\t\t\t\t\t<div class=\"e-n-tabs\" data-widget-number=\"189546716\" aria-label=\"Tabs. Open items with Enter or Space, close with Escape and navigate using the Arrow keys.\">\n\t\t\t<div class=\"e-n-tabs-heading\" role=\"tablist\">\n\t\t\t\t\t<button id=\"e-n-tab-title-1895467161\" data-tab-title-id=\"e-n-tab-title-1895467161\" class=\"e-n-tab-title\" aria-selected=\"true\" data-tab-index=\"1\" role=\"tab\" tabindex=\"0\" aria-controls=\"e-n-tab-content-1895467161\" style=\"--n-tabs-title-order: 1;\">\n\t\t\t\t\t\t<span class=\"e-n-tab-title-text\">\n\t\t\t\tKindeswohl als Grundprinzip\t\t\t<\/span>\n\t\t<\/button>\n\t\t\t\t<button id=\"e-n-tab-title-1895467162\" data-tab-title-id=\"e-n-tab-title-1895467162\" class=\"e-n-tab-title\" aria-selected=\"false\" data-tab-index=\"2\" role=\"tab\" tabindex=\"-1\" aria-controls=\"e-n-tab-content-1895467162\" style=\"--n-tabs-title-order: 2;\">\n\t\t\t\t\t\t<span class=\"e-n-tab-title-text\">\n\t\t\t\tMeldepflicht einer Kindeswohlgef\u00e4hrdung\t\t\t<\/span>\n\t\t<\/button>\n\t\t\t\t\t<\/div>\n\t\t\t<div class=\"e-n-tabs-content\">\n\t\t\t\t<div id=\"e-n-tab-content-1895467161\" role=\"tabpanel\" aria-labelledby=\"e-n-tab-title-1895467161\" data-tab-index=\"1\" style=\"--n-tabs-title-order: 1;\" class=\"e-active elementor-element elementor-element-32c120b e-con-full e-flex e-con e-child\" data-id=\"32c120b\" data-element_type=\"container\" data-e-type=\"container\" data-settings=\"{&quot;background_background&quot;:&quot;classic&quot;}\">\n\t\t<div class=\"elementor-element elementor-element-b1b6ee6 e-con-full e-flex e-con e-child\" data-id=\"b1b6ee6\" data-element_type=\"container\" data-e-type=\"container\">\n\t\t\t\t<div class=\"elementor-element elementor-element-31a2c36 elementor-widget elementor-widget-text-editor\" data-id=\"31a2c36\" data-element_type=\"widget\" data-e-type=\"widget\" data-widget_type=\"text-editor.default\">\n\t\t\t\t<div class=\"elementor-widget-container\">\n\t\t\t\t\t\t\t\t\t<p>Laut Artikel 11 der Schweizer Bundesverfassung haben &#8222;<em>Kinder und Jugendliche Anspruch auf besonderen Schutz ihrer Unversehrtheit und auf F\u00f6rderung ihrer Entwicklung<\/em>&#8222;.<\/p><p>Deine Eltern sind in erster Linie f\u00fcr dein Wohlergehen verantwortlich und haben die Pflicht, f\u00fcr dich zu sorgen. Dazu geh\u00f6ren insbesondere Ern\u00e4hrung, Schule, soziale Beziehungen, Schutz vor Gefahren, k\u00f6rperliche Aktivit\u00e4t und Gesundheit.<\/p>\t\t\t\t\t\t\t\t<\/div>\n\t\t\t\t<\/div>\n\t\t\t\t<\/div>\n\t\t<div class=\"elementor-element elementor-element-6438fc6 e-con-full e-flex e-con e-child\" data-id=\"6438fc6\" data-element_type=\"container\" data-e-type=\"container\">\n\t\t\t\t<div class=\"elementor-element elementor-element-97a61a1 elementor-widget elementor-widget-button\" data-id=\"97a61a1\" data-element_type=\"widget\" data-e-type=\"widget\" data-widget_type=\"button.default\">\n\t\t\t\t<div class=\"elementor-widget-container\">\n\t\t\t\t\t\t\t\t\t<div class=\"elementor-button-wrapper\">\n\t\t\t\t\t<a class=\"elementor-button elementor-button-link elementor-size-sm\" href=\"https:\/\/www.fedlex.admin.ch\/eli\/cc\/1999\/404\/de#art_11\" target=\"_blank\" rel=\"nofollow\">\n\t\t\t\t\t\t<span class=\"elementor-button-content-wrapper\">\n\t\t\t\t\t\t<span class=\"elementor-button-icon\">\n\t\t\t\t<svg xmlns=\"http:\/\/www.w3.org\/2000\/svg\" xmlns:xlink=\"http:\/\/www.w3.org\/1999\/xlink\" id=\"Calque_1\" x=\"0px\" y=\"0px\" viewBox=\"0 0 512 512\" style=\"enable-background:new 0 0 512 512;\" xml:space=\"preserve\"><path d=\"M383.8,256.4c0,14.2-11.5,25.6-25.6,25.6h-76.9v76.9c0,14.2-11.5,25.6-25.6,25.6c-14.2,0-25.6-11.5-25.6-25.6V282H153 c-14.2,0-25.6-11.5-25.6-25.6c0-14.2,11.5-25.6,25.6-25.6h76.9v-76.9c0-14.2,11.5-25.6,25.6-25.6c14.2,0,25.6,11.5,25.6,25.6v76.9 h76.9C372.3,230.7,383.8,242.2,383.8,256.4z M511.9,256.4c0,141.4-115,256.4-256.4,256.4c-141.4,0-256.4-115-256.4-256.4 C-0.8,115,114.2,0,255.6,0C396.9,0,511.9,115,511.9,256.4z M473.5,256.4c0-120.2-97.8-217.9-217.9-217.9S37.7,136.2,37.7,256.4 s97.8,217.9,217.9,217.9S473.5,376.5,473.5,256.4z\"><\/path><\/svg>\t\t\t<\/span>\n\t\t\t\t\t\t\t\t\t<span class=\"elementor-button-text\">Art. 11 BV<\/span>\n\t\t\t\t\t<\/span>\n\t\t\t\t\t<\/a>\n\t\t\t\t<\/div>\n\t\t\t\t\t\t\t\t<\/div>\n\t\t\t\t<\/div>\n\t\t\t\t<div class=\"elementor-element elementor-element-20e4b85 elementor-widget elementor-widget-button\" data-id=\"20e4b85\" data-element_type=\"widget\" data-e-type=\"widget\" data-widget_type=\"button.default\">\n\t\t\t\t<div class=\"elementor-widget-container\">\n\t\t\t\t\t\t\t\t\t<div class=\"elementor-button-wrapper\">\n\t\t\t\t\t<a class=\"elementor-button elementor-button-link elementor-size-sm\" href=\"https:\/\/www.fedlex.admin.ch\/eli\/cc\/24\/233_245_233\/de#art_302\" target=\"_blank\" rel=\"nofollow\">\n\t\t\t\t\t\t<span class=\"elementor-button-content-wrapper\">\n\t\t\t\t\t\t<span class=\"elementor-button-icon\">\n\t\t\t\t<svg xmlns=\"http:\/\/www.w3.org\/2000\/svg\" xmlns:xlink=\"http:\/\/www.w3.org\/1999\/xlink\" id=\"Calque_1\" x=\"0px\" y=\"0px\" viewBox=\"0 0 512 512\" style=\"enable-background:new 0 0 512 512;\" xml:space=\"preserve\"><path d=\"M383.8,256.4c0,14.2-11.5,25.6-25.6,25.6h-76.9v76.9c0,14.2-11.5,25.6-25.6,25.6c-14.2,0-25.6-11.5-25.6-25.6V282H153 c-14.2,0-25.6-11.5-25.6-25.6c0-14.2,11.5-25.6,25.6-25.6h76.9v-76.9c0-14.2,11.5-25.6,25.6-25.6c14.2,0,25.6,11.5,25.6,25.6v76.9 h76.9C372.3,230.7,383.8,242.2,383.8,256.4z M511.9,256.4c0,141.4-115,256.4-256.4,256.4c-141.4,0-256.4-115-256.4-256.4 C-0.8,115,114.2,0,255.6,0C396.9,0,511.9,115,511.9,256.4z M473.5,256.4c0-120.2-97.8-217.9-217.9-217.9S37.7,136.2,37.7,256.4 s97.8,217.9,217.9,217.9S473.5,376.5,473.5,256.4z\"><\/path><\/svg>\t\t\t<\/span>\n\t\t\t\t\t\t\t\t\t<span class=\"elementor-button-text\">Art. 302 Abs. 1 ZGB<\/span>\n\t\t\t\t\t<\/span>\n\t\t\t\t\t<\/a>\n\t\t\t\t<\/div>\n\t\t\t\t\t\t\t\t<\/div>\n\t\t\t\t<\/div>\n\t\t\t\t<\/div>\n\t\t\t\t<\/div>\n\t\t<div id=\"e-n-tab-content-1895467162\" role=\"tabpanel\" aria-labelledby=\"e-n-tab-title-1895467162\" data-tab-index=\"2\" style=\"--n-tabs-title-order: 2;\" class=\" elementor-element elementor-element-bcbdfa7 e-con-full e-flex e-con e-child\" data-id=\"bcbdfa7\" data-element_type=\"container\" data-e-type=\"container\" data-settings=\"{&quot;background_background&quot;:&quot;classic&quot;}\">\n\t\t<div class=\"elementor-element elementor-element-d29b74b e-con-full e-flex e-con e-child\" data-id=\"d29b74b\" data-element_type=\"container\" data-e-type=\"container\">\n\t\t\t\t<div class=\"elementor-element elementor-element-da74f36 elementor-widget elementor-widget-text-editor\" data-id=\"da74f36\" data-element_type=\"widget\" data-e-type=\"widget\" data-widget_type=\"text-editor.default\">\n\t\t\t\t<div class=\"elementor-widget-container\">\n\t\t\t\t\t\t\t\t\t<p>Fachpersonen, die mit Minderj\u00e4hrigen in Kontakt stehen, sind zur Meldung gegen\u00fcber der Kindesschutzbeh\u00f6rde verpflichtet, wenn sie im Rahmen ihrer T\u00e4tigkeit feststellen, dass ein Kind in seiner k\u00f6rperlichen, psychischen oder sexuellen Integrit\u00e4t gef\u00e4hrdet ist. Dies ergibt sich aus einer Verpflichtung sowohl auf Bundesebene (Artikel 314d des Schweizerischen Zivilgesetzbuches) als auch auf kantonaler Ebene (Artikel 54 des kantonalen Jugendgesetzes des Wallis). <\/p>\t\t\t\t\t\t\t\t<\/div>\n\t\t\t\t<\/div>\n\t\t<div class=\"elementor-element elementor-element-82418b1 e-con-full e-flex e-con e-child\" data-id=\"82418b1\" data-element_type=\"container\" data-e-type=\"container\">\n\t\t\t\t<div class=\"elementor-element elementor-element-d2bcbe2 elementor-widget elementor-widget-button\" data-id=\"d2bcbe2\" data-element_type=\"widget\" data-e-type=\"widget\" data-widget_type=\"button.default\">\n\t\t\t\t<div class=\"elementor-widget-container\">\n\t\t\t\t\t\t\t\t\t<div class=\"elementor-button-wrapper\">\n\t\t\t\t\t<a class=\"elementor-button elementor-button-link elementor-size-sm\" href=\"https:\/\/www.fedlex.admin.ch\/eli\/cc\/24\/233_245_233\/fr#art_314_d\" target=\"_blank\" rel=\"nofollow\">\n\t\t\t\t\t\t<span class=\"elementor-button-content-wrapper\">\n\t\t\t\t\t\t<span class=\"elementor-button-icon\">\n\t\t\t\t<svg xmlns=\"http:\/\/www.w3.org\/2000\/svg\" xmlns:xlink=\"http:\/\/www.w3.org\/1999\/xlink\" id=\"Calque_1\" x=\"0px\" y=\"0px\" viewBox=\"0 0 512 512\" style=\"enable-background:new 0 0 512 512;\" xml:space=\"preserve\"><path d=\"M383.8,256.4c0,14.2-11.5,25.6-25.6,25.6h-76.9v76.9c0,14.2-11.5,25.6-25.6,25.6c-14.2,0-25.6-11.5-25.6-25.6V282H153 c-14.2,0-25.6-11.5-25.6-25.6c0-14.2,11.5-25.6,25.6-25.6h76.9v-76.9c0-14.2,11.5-25.6,25.6-25.6c14.2,0,25.6,11.5,25.6,25.6v76.9 h76.9C372.3,230.7,383.8,242.2,383.8,256.4z M511.9,256.4c0,141.4-115,256.4-256.4,256.4c-141.4,0-256.4-115-256.4-256.4 C-0.8,115,114.2,0,255.6,0C396.9,0,511.9,115,511.9,256.4z M473.5,256.4c0-120.2-97.8-217.9-217.9-217.9S37.7,136.2,37.7,256.4 s97.8,217.9,217.9,217.9S473.5,376.5,473.5,256.4z\"><\/path><\/svg>\t\t\t<\/span>\n\t\t\t\t\t\t\t\t\t<span class=\"elementor-button-text\">Art. 314d ZGB <\/span>\n\t\t\t\t\t<\/span>\n\t\t\t\t\t<\/a>\n\t\t\t\t<\/div>\n\t\t\t\t\t\t\t\t<\/div>\n\t\t\t\t<\/div>\n\t\t\t\t<div class=\"elementor-element elementor-element-ca2e651 elementor-widget elementor-widget-button\" data-id=\"ca2e651\" data-element_type=\"widget\" data-e-type=\"widget\" data-widget_type=\"button.default\">\n\t\t\t\t<div class=\"elementor-widget-container\">\n\t\t\t\t\t\t\t\t\t<div class=\"elementor-button-wrapper\">\n\t\t\t\t\t<a class=\"elementor-button elementor-button-link elementor-size-sm\" href=\"https:\/\/lex.vs.ch\/app\/fr\/texts_of_law\/850.4\" target=\"_blank\" rel=\"nofollow\">\n\t\t\t\t\t\t<span class=\"elementor-button-content-wrapper\">\n\t\t\t\t\t\t<span class=\"elementor-button-icon\">\n\t\t\t\t<svg xmlns=\"http:\/\/www.w3.org\/2000\/svg\" xmlns:xlink=\"http:\/\/www.w3.org\/1999\/xlink\" id=\"Calque_1\" x=\"0px\" y=\"0px\" viewBox=\"0 0 512 512\" style=\"enable-background:new 0 0 512 512;\" xml:space=\"preserve\"><path d=\"M383.8,256.4c0,14.2-11.5,25.6-25.6,25.6h-76.9v76.9c0,14.2-11.5,25.6-25.6,25.6c-14.2,0-25.6-11.5-25.6-25.6V282H153 c-14.2,0-25.6-11.5-25.6-25.6c0-14.2,11.5-25.6,25.6-25.6h76.9v-76.9c0-14.2,11.5-25.6,25.6-25.6c14.2,0,25.6,11.5,25.6,25.6v76.9 h76.9C372.3,230.7,383.8,242.2,383.8,256.4z M511.9,256.4c0,141.4-115,256.4-256.4,256.4c-141.4,0-256.4-115-256.4-256.4 C-0.8,115,114.2,0,255.6,0C396.9,0,511.9,115,511.9,256.4z M473.5,256.4c0-120.2-97.8-217.9-217.9-217.9S37.7,136.2,37.7,256.4 s97.8,217.9,217.9,217.9S473.5,376.5,473.5,256.4z\"><\/path><\/svg>\t\t\t<\/span>\n\t\t\t\t\t\t\t\t\t<span class=\"elementor-button-text\">Art. 54 JG <\/span>\n\t\t\t\t\t<\/span>\n\t\t\t\t\t<\/a>\n\t\t\t\t<\/div>\n\t\t\t\t\t\t\t\t<\/div>\n\t\t\t\t<\/div>\n\t\t\t\t<\/div>\n\t\t\t\t<\/div>\n\t\t\t\t<\/div>\n\t\t\t\t\t<\/div>\n\t\t<\/div>\n\t\t\t\t\t\t<\/div>\n\t\t\t\t<\/div>\n\t\t\t\t\t<\/div>\n\t\t\t\t<\/div>\n\t\t<div class=\"elementor-element elementor-element-ea1d17 e-flex e-con-boxed e-con e-parent\" data-id=\"ea1d17\" data-element_type=\"container\" data-e-type=\"container\">\n\t\t\t\t\t<div class=\"e-con-inner\">\n\t\t<div class=\"elementor-element elementor-element-6baab936 e-con-full e-flex e-con e-child\" data-id=\"6baab936\" data-element_type=\"container\" data-e-type=\"container\">\n\t\t<div class=\"elementor-element elementor-element-75eb2b72 e-flex e-con-boxed e-con e-child\" data-id=\"75eb2b72\" data-element_type=\"container\" data-e-type=\"container\" data-settings=\"{&quot;background_background&quot;:&quot;classic&quot;}\">\n\t\t\t\t\t<div class=\"e-con-inner\">\n\t\t\t\t<div class=\"elementor-element elementor-element-283e3a45 elementor-widget elementor-widget-heading\" data-id=\"283e3a45\" data-element_type=\"widget\" data-e-type=\"widget\" data-widget_type=\"heading.default\">\n\t\t\t\t<div class=\"elementor-widget-container\">\n\t\t\t\t\t<h2 class=\"elementor-heading-title elementor-size-default\">\ud83d\udee1\ufe0f Kindesschutzmassnahmen der KESB<\/h2>\t\t\t\t<\/div>\n\t\t\t\t<\/div>\n\t\t\t\t<div class=\"elementor-element elementor-element-e4b0b2e elementor-widget elementor-widget-text-editor\" data-id=\"e4b0b2e\" data-element_type=\"widget\" data-e-type=\"widget\" data-widget_type=\"text-editor.default\">\n\t\t\t\t<div class=\"elementor-widget-container\">\n\t\t\t\t\t\t\t\t\t<p><span style=\"font-weight: 400;\">Wenn dein Wohlbefinden gef\u00e4hrdet ist, hat die Kindesschutzbeh\u00f6rde (KESB) die Aufgabe, dich zu sch\u00fctzen und eventuell sogenannte Kindesschutzmassnahmen anzuordnen. Dabei handelt es sich um: <\/span><\/p><ul><li><span style=\"font-weight: 400;\">Ermahnung, Erteilung von Weisungen oder \u00dcberwachung<\/span><\/li><li><span style=\"font-weight: 400;\">Ernennung eines Beistandes (aus verschiedenen Gr\u00fcnden: Beratung und Unterst\u00fctzung deiner Eltern (Begleitbeistandschaft); Vertretung deiner Interessen in Gerichtsverfahren (Vertretungsbeistandschaft)<\/span><\/li><li><span style=\"font-weight: 400;\">Vertretung deiner Interessen in Gerichtsverfahren (Vertretungsbeistandschaft)<\/span><\/li><li><span style=\"font-weight: 400;\">\u00dcberwachung der pers\u00f6nlichen Beziehungen<\/span><\/li><li>\u00dcberwachung der pers\u00f6nlichen Beziehungen; Verwaltung deines Verm\u00f6gens, wenn es gef\u00e4hrdet ist (siehe auch <strong>Vertretung<\/strong>).<\/li><li><span style=\"font-weight: 400;\">Platzierung <\/span><\/li><li><span style=\"font-weight: 400;\">Entzug der <\/span><span style=\"font-weight: 400;\">elterlichen Sorge<\/span><\/li><\/ul><p><span style=\"font-weight: 400;\">Damit die KESB einen Entscheid dar\u00fcber treffen kann, muss sie jedoch deine Meinung und die deiner Eltern kennen. Deshalb hast du das Recht, zu sagen, wie du die Situation empfindest und was du dir w\u00fcnschst (<\/span><strong>Rechtliches Geh\u00f6r<\/strong><span style=\"font-weight: 400;\">). <\/span> <\/p><p><span style=\"font-weight: 400;\">Sobald du 18 Jahre alt bist, m\u00fcssen alle Kindesschutzmassnahmen aufgehoben werden. Nach dem 18. Lebensjahr k\u00f6nnen je nach deinen Bed\u00fcrfnissen Erwachsenenschutzmassnahmen von der KESB eingerichtet werden. <\/span><\/p>\t\t\t\t\t\t\t\t<\/div>\n\t\t\t\t<\/div>\n\t\t\t\t<div class=\"elementor-element elementor-element-487fc3c elementor-widget elementor-widget-button\" data-id=\"487fc3c\" data-element_type=\"widget\" data-e-type=\"widget\" data-widget_type=\"button.default\">\n\t\t\t\t<div class=\"elementor-widget-container\">\n\t\t\t\t\t\t\t\t\t<div class=\"elementor-button-wrapper\">\n\t\t\t\t\t<a class=\"elementor-button elementor-button-link elementor-size-sm\" href=\"https:\/\/www.fedlex.admin.ch\/eli\/cc\/24\/233_245_233\/de#art_307\" target=\"_blank\" rel=\"nofollow\">\n\t\t\t\t\t\t<span class=\"elementor-button-content-wrapper\">\n\t\t\t\t\t\t<span class=\"elementor-button-icon\">\n\t\t\t\t<svg xmlns=\"http:\/\/www.w3.org\/2000\/svg\" xmlns:xlink=\"http:\/\/www.w3.org\/1999\/xlink\" id=\"Calque_1\" x=\"0px\" y=\"0px\" viewBox=\"0 0 512 512\" style=\"enable-background:new 0 0 512 512;\" xml:space=\"preserve\"><path d=\"M383.8,256.4c0,14.2-11.5,25.6-25.6,25.6h-76.9v76.9c0,14.2-11.5,25.6-25.6,25.6c-14.2,0-25.6-11.5-25.6-25.6V282H153 c-14.2,0-25.6-11.5-25.6-25.6c0-14.2,11.5-25.6,25.6-25.6h76.9v-76.9c0-14.2,11.5-25.6,25.6-25.6c14.2,0,25.6,11.5,25.6,25.6v76.9 h76.9C372.3,230.7,383.8,242.2,383.8,256.4z M511.9,256.4c0,141.4-115,256.4-256.4,256.4c-141.4,0-256.4-115-256.4-256.4 C-0.8,115,114.2,0,255.6,0C396.9,0,511.9,115,511.9,256.4z M473.5,256.4c0-120.2-97.8-217.9-217.9-217.9S37.7,136.2,37.7,256.4 s97.8,217.9,217.9,217.9S473.5,376.5,473.5,256.4z\"><\/path><\/svg>\t\t\t<\/span>\n\t\t\t\t\t\t\t\t\t<span class=\"elementor-button-text\">Art. 307 ff. ZGB<\/span>\n\t\t\t\t\t<\/span>\n\t\t\t\t\t<\/a>\n\t\t\t\t<\/div>\n\t\t\t\t\t\t\t\t<\/div>\n\t\t\t\t<\/div>\n\t\t\t\t\t<\/div>\n\t\t\t\t<\/div>\n\t\t<div class=\"elementor-element elementor-element-33d3dfe e-con-full e-flex e-con e-child\" data-id=\"33d3dfe\" data-element_type=\"container\" data-e-type=\"container\">\n\t\t<div class=\"elementor-element elementor-element-4ebf75d e-con-full e-flex e-con e-child\" data-id=\"4ebf75d\" data-element_type=\"container\" data-e-type=\"container\" data-settings=\"{&quot;background_background&quot;:&quot;classic&quot;}\">\n\t\t\t\t<div class=\"elementor-element elementor-element-c0a01f5 elementor-widget elementor-widget-heading\" data-id=\"c0a01f5\" data-element_type=\"widget\" data-e-type=\"widget\" data-widget_type=\"heading.default\">\n\t\t\t\t<div class=\"elementor-widget-container\">\n\t\t\t\t\t<h2 class=\"elementor-heading-title elementor-size-default\"><img decoding=\"async\" role=\"img\" class=\"emoji\" alt=\"\ud83d\udccc\" src=\"https:\/\/s.w.org\/images\/core\/emoji\/17.0.2\/svg\/1f4cc.svg\"> Hilfe und Kontakte - AKS<\/h2>\t\t\t\t<\/div>\n\t\t\t\t<\/div>\n\t\t\t\t<div class=\"elementor-element elementor-element-f91666e elementor-widget elementor-widget-text-editor\" data-id=\"f91666e\" data-element_type=\"widget\" data-e-type=\"widget\" data-widget_type=\"text-editor.default\">\n\t\t\t\t<div class=\"elementor-widget-container\">\n\t\t\t\t\t\t\t\t\t<p>Die \u00c4mter f\u00fcr Kindesschutz (AKS) sind im Wallis nach Regionen aufgeteilt. Die KESB beauftragt sie, Situationen zu beurteilen und zu begleiten, welche Unterst\u00fctzung oder die Umsetzung von Massnahmen erfordern.<\/p><p>Weitere Informationen findest du auf ihrer Website oder kannst du sie auch direkt in der Region kontaktieren, in der du wohnst: <\/p>\t\t\t\t\t\t\t\t<\/div>\n\t\t\t\t<\/div>\n\t\t\t\t<div class=\"elementor-element elementor-element-0690e26 elementor-widget elementor-widget-button\" data-id=\"0690e26\" data-element_type=\"widget\" data-e-type=\"widget\" data-widget_type=\"button.default\">\n\t\t\t\t<div class=\"elementor-widget-container\">\n\t\t\t\t\t\t\t\t\t<div class=\"elementor-button-wrapper\">\n\t\t\t\t\t<a class=\"elementor-button elementor-button-link elementor-size-sm\" href=\"https:\/\/www.vs.ch\/web\/scj\/ope1\" target=\"_blank\" rel=\"nofollow\">\n\t\t\t\t\t\t<span class=\"elementor-button-content-wrapper\">\n\t\t\t\t\t\t<span class=\"elementor-button-icon\">\n\t\t\t\t<svg xmlns=\"http:\/\/www.w3.org\/2000\/svg\" xmlns:xlink=\"http:\/\/www.w3.org\/1999\/xlink\" id=\"Calque_1\" x=\"0px\" y=\"0px\" viewBox=\"0 0 512 512\" style=\"enable-background:new 0 0 512 512;\" xml:space=\"preserve\"><path d=\"M383.8,256.4c0,14.2-11.5,25.6-25.6,25.6h-76.9v76.9c0,14.2-11.5,25.6-25.6,25.6c-14.2,0-25.6-11.5-25.6-25.6V282H153 c-14.2,0-25.6-11.5-25.6-25.6c0-14.2,11.5-25.6,25.6-25.6h76.9v-76.9c0-14.2,11.5-25.6,25.6-25.6c14.2,0,25.6,11.5,25.6,25.6v76.9 h76.9C372.3,230.7,383.8,242.2,383.8,256.4z M511.9,256.4c0,141.4-115,256.4-256.4,256.4c-141.4,0-256.4-115-256.4-256.4 C-0.8,115,114.2,0,255.6,0C396.9,0,511.9,115,511.9,256.4z M473.5,256.4c0-120.2-97.8-217.9-217.9-217.9S37.7,136.2,37.7,256.4 s97.8,217.9,217.9,217.9S473.5,376.5,473.5,256.4z\"><\/path><\/svg>\t\t\t<\/span>\n\t\t\t\t\t\t\t\t\t<span class=\"elementor-button-text\">Amt f\u00fcr Kindesschutz (AKS)<\/span>\n\t\t\t\t\t<\/span>\n\t\t\t\t\t<\/a>\n\t\t\t\t<\/div>\n\t\t\t\t\t\t\t\t<\/div>\n\t\t\t\t<\/div>\n\t\t\t\t<div class=\"elementor-element elementor-element-2d85180 elementor-widget elementor-widget-button\" data-id=\"2d85180\" data-element_type=\"widget\" data-e-type=\"widget\" data-widget_type=\"button.default\">\n\t\t\t\t<div class=\"elementor-widget-container\">\n\t\t\t\t\t\t\t\t\t<div class=\"elementor-button-wrapper\">\n\t\t\t\t\t<a class=\"elementor-button elementor-button-link elementor-size-sm\" href=\"https:\/\/www.vs.ch\/web\/scj\/contacts-et-r%C3%A9partition-r%C3%A9gionale\" target=\"_blank\" rel=\"nofollow\">\n\t\t\t\t\t\t<span class=\"elementor-button-content-wrapper\">\n\t\t\t\t\t\t<span class=\"elementor-button-icon\">\n\t\t\t\t<svg xmlns=\"http:\/\/www.w3.org\/2000\/svg\" xmlns:xlink=\"http:\/\/www.w3.org\/1999\/xlink\" id=\"Calque_1\" x=\"0px\" y=\"0px\" viewBox=\"0 0 512 512\" style=\"enable-background:new 0 0 512 512;\" xml:space=\"preserve\"><path d=\"M383.8,256.4c0,14.2-11.5,25.6-25.6,25.6h-76.9v76.9c0,14.2-11.5,25.6-25.6,25.6c-14.2,0-25.6-11.5-25.6-25.6V282H153 c-14.2,0-25.6-11.5-25.6-25.6c0-14.2,11.5-25.6,25.6-25.6h76.9v-76.9c0-14.2,11.5-25.6,25.6-25.6c14.2,0,25.6,11.5,25.6,25.6v76.9 h76.9C372.3,230.7,383.8,242.2,383.8,256.4z M511.9,256.4c0,141.4-115,256.4-256.4,256.4c-141.4,0-256.4-115-256.4-256.4 C-0.8,115,114.2,0,255.6,0C396.9,0,511.9,115,511.9,256.4z M473.5,256.4c0-120.2-97.8-217.9-217.9-217.9S37.7,136.2,37.7,256.4 s97.8,217.9,217.9,217.9S473.5,376.5,473.5,256.4z\"><\/path><\/svg>\t\t\t<\/span>\n\t\t\t\t\t\t\t\t\t<span class=\"elementor-button-text\">Kontakte und regionale Verteilung<\/span>\n\t\t\t\t\t<\/span>\n\t\t\t\t\t<\/a>\n\t\t\t\t<\/div>\n\t\t\t\t\t\t\t\t<\/div>\n\t\t\t\t<\/div>\n\t\t\t\t<\/div>\n\t\t\t\t<\/div>\n\t\t\t\t<\/div>\n\t\t<div class=\"elementor-element elementor-element-68de846c e-con-full e-flex e-con e-child\" data-id=\"68de846c\" data-element_type=\"container\" data-e-type=\"container\">\n\t\t<div class=\"elementor-element elementor-element-38d2aa9e e-flex e-con-boxed e-con e-child\" data-id=\"38d2aa9e\" data-element_type=\"container\" data-e-type=\"container\" data-settings=\"{&quot;background_background&quot;:&quot;classic&quot;}\">\n\t\t\t\t\t<div class=\"e-con-inner\">\n\t\t\t\t<div class=\"elementor-element elementor-element-c70a85a elementor-widget elementor-widget-heading\" data-id=\"c70a85a\" data-element_type=\"widget\" data-e-type=\"widget\" data-widget_type=\"heading.default\">\n\t\t\t\t<div class=\"elementor-widget-container\">\n\t\t\t\t\t<h2 class=\"elementor-heading-title elementor-size-default\">\ud83d\udc42 Beratungsdienste<\/h2>\t\t\t\t<\/div>\n\t\t\t\t<\/div>\n\t\t\t\t<div class=\"elementor-element elementor-element-1c0d539c elementor-widget elementor-widget-text-editor\" data-id=\"1c0d539c\" data-element_type=\"widget\" data-e-type=\"widget\" data-widget_type=\"text-editor.default\">\n\t\t\t\t<div class=\"elementor-widget-container\">\n\t\t\t\t\t\t\t\t\t<p>Wenn du psychische oder physische Gewalt erlebst, ist es oft schwierig, dar\u00fcber zu sprechen, und es erfordert viel Mut, dies zu tun. Deshalb ist es wichtig, dass du eine Vertrauensperson findest, mit der du dar\u00fcber sprechen kannst. Pro Juventute 147 f\u00fchrt ein umfassendes und aktuelles Adressverzeichnis aller kantonalen Hilfs- und Beratungsstelle.  <\/p>\t\t\t\t\t\t\t\t<\/div>\n\t\t\t\t<\/div>\n\t\t\t\t<div class=\"elementor-element elementor-element-75659ac elementor-widget elementor-widget-button\" data-id=\"75659ac\" data-element_type=\"widget\" data-e-type=\"widget\" data-widget_type=\"button.default\">\n\t\t\t\t<div class=\"elementor-widget-container\">\n\t\t\t\t\t\t\t\t\t<div class=\"elementor-button-wrapper\">\n\t\t\t\t\t<a class=\"elementor-button elementor-button-link elementor-size-sm\" href=\"https:\/\/services-de-conseil.147.ch\/\" target=\"_blank\" rel=\"nofollow\">\n\t\t\t\t\t\t<span class=\"elementor-button-content-wrapper\">\n\t\t\t\t\t\t<span class=\"elementor-button-icon\">\n\t\t\t\t<svg xmlns=\"http:\/\/www.w3.org\/2000\/svg\" xmlns:xlink=\"http:\/\/www.w3.org\/1999\/xlink\" id=\"Calque_1\" x=\"0px\" y=\"0px\" viewBox=\"0 0 512 512\" style=\"enable-background:new 0 0 512 512;\" xml:space=\"preserve\"><path d=\"M383.8,256.4c0,14.2-11.5,25.6-25.6,25.6h-76.9v76.9c0,14.2-11.5,25.6-25.6,25.6c-14.2,0-25.6-11.5-25.6-25.6V282H153 c-14.2,0-25.6-11.5-25.6-25.6c0-14.2,11.5-25.6,25.6-25.6h76.9v-76.9c0-14.2,11.5-25.6,25.6-25.6c14.2,0,25.6,11.5,25.6,25.6v76.9 h76.9C372.3,230.7,383.8,242.2,383.8,256.4z M511.9,256.4c0,141.4-115,256.4-256.4,256.4c-141.4,0-256.4-115-256.4-256.4 C-0.8,115,114.2,0,255.6,0C396.9,0,511.9,115,511.9,256.4z M473.5,256.4c0-120.2-97.8-217.9-217.9-217.9S37.7,136.2,37.7,256.4 s97.8,217.9,217.9,217.9S473.5,376.5,473.5,256.4z\"><\/path><\/svg>\t\t\t<\/span>\n\t\t\t\t\t\t\t\t\t<span class=\"elementor-button-text\">Kantonale Hilfs- und Beratungsstelle (franz\u00f6sisch)<\/span>\n\t\t\t\t\t<\/span>\n\t\t\t\t\t<\/a>\n\t\t\t\t<\/div>\n\t\t\t\t\t\t\t\t<\/div>\n\t\t\t\t<\/div>\n\t\t\t\t\t<\/div>\n\t\t\t\t<\/div>\n\t\t<div class=\"elementor-element elementor-element-5b5c2c7 e-flex e-con-boxed e-con e-child\" data-id=\"5b5c2c7\" data-element_type=\"container\" data-e-type=\"container\" data-settings=\"{&quot;background_background&quot;:&quot;classic&quot;}\">\n\t\t\t\t\t<div class=\"e-con-inner\">\n\t\t\t\t<div class=\"elementor-element elementor-element-7611cb9d elementor-widget elementor-widget-heading\" data-id=\"7611cb9d\" data-element_type=\"widget\" data-e-type=\"widget\" data-widget_type=\"heading.default\">\n\t\t\t\t<div class=\"elementor-widget-container\">\n\t\t\t\t\t<h2 class=\"elementor-heading-title elementor-size-default\">\ud83c\udd98 Recht auf Anzeige und Opferhilfe<\/h2>\t\t\t\t<\/div>\n\t\t\t\t<\/div>\n\t\t\t\t<div class=\"elementor-element elementor-element-23f91860 elementor-widget elementor-widget-text-editor\" data-id=\"23f91860\" data-element_type=\"widget\" data-e-type=\"widget\" data-widget_type=\"text-editor.default\">\n\t\t\t\t<div class=\"elementor-widget-container\">\n\t\t\t\t\t\t\t\t\t<p><span style=\"font-weight: 400;\">Einige Straftaten werden von Amts wegen verfolgt, d. h., es ist kein Antrag erforderlich und die zust\u00e4ndige Beh\u00f6rde handelt &#8222;automatisch&#8220;, sobald sie von der Straftat Kenntnis erh\u00e4lt. Andere Straftaten werden hingegen nur auf Antrag verfolgt, sodass ein Verfahren nicht beginnen kann, ohne dass du einen Strafantrag einreichst. <\/span><\/p><p><span style=\"font-weight: 400;\">Niemand ist jedoch verpflichtet, als Opfer einer Straftat Anzeige bei der Polizei zu erstatten. Aber du hast nat\u00fcrlich das Recht, dies zu tun.  Dazu kannst du dich z. B. von der Opferhilfe beraten lassen, die dich auf die Anzeige vorbereitet, dich \u00fcber das Verfahren informiert, dir m\u00f6gliche Konsequenzen aufzeigt und dich w\u00e4hrend des gesamten Verfahrens begleitet. <\/span><\/p><p><span style=\"font-weight: 400;\">Wenn du Opfer von Gewalt geworden bist, hast du das Recht, besonders gesch\u00fctzt, betreut und unterst\u00fctzt zu werden. Die Opferhilfe leistet hierbei kostenlose Hilfe. <\/span><\/p>\t\t\t\t\t\t\t\t<\/div>\n\t\t\t\t<\/div>\n\t\t\t\t<div class=\"elementor-element elementor-element-ea4d532 elementor-widget elementor-widget-button\" data-id=\"ea4d532\" data-element_type=\"widget\" data-e-type=\"widget\" data-widget_type=\"button.default\">\n\t\t\t\t<div class=\"elementor-widget-container\">\n\t\t\t\t\t\t\t\t\t<div class=\"elementor-button-wrapper\">\n\t\t\t\t\t<a class=\"elementor-button elementor-button-link elementor-size-sm\" href=\"https:\/\/www.fedlex.admin.ch\/eli\/cc\/2008\/232\/de#art_1\" target=\"_blank\" rel=\"nofollow\">\n\t\t\t\t\t\t<span class=\"elementor-button-content-wrapper\">\n\t\t\t\t\t\t<span class=\"elementor-button-icon\">\n\t\t\t\t<svg xmlns=\"http:\/\/www.w3.org\/2000\/svg\" xmlns:xlink=\"http:\/\/www.w3.org\/1999\/xlink\" id=\"Calque_1\" x=\"0px\" y=\"0px\" viewBox=\"0 0 512 512\" style=\"enable-background:new 0 0 512 512;\" xml:space=\"preserve\"><path d=\"M383.8,256.4c0,14.2-11.5,25.6-25.6,25.6h-76.9v76.9c0,14.2-11.5,25.6-25.6,25.6c-14.2,0-25.6-11.5-25.6-25.6V282H153 c-14.2,0-25.6-11.5-25.6-25.6c0-14.2,11.5-25.6,25.6-25.6h76.9v-76.9c0-14.2,11.5-25.6,25.6-25.6c14.2,0,25.6,11.5,25.6,25.6v76.9 h76.9C372.3,230.7,383.8,242.2,383.8,256.4z M511.9,256.4c0,141.4-115,256.4-256.4,256.4c-141.4,0-256.4-115-256.4-256.4 C-0.8,115,114.2,0,255.6,0C396.9,0,511.9,115,511.9,256.4z M473.5,256.4c0-120.2-97.8-217.9-217.9-217.9S37.7,136.2,37.7,256.4 s97.8,217.9,217.9,217.9S473.5,376.5,473.5,256.4z\"><\/path><\/svg>\t\t\t<\/span>\n\t\t\t\t\t\t\t\t\t<span class=\"elementor-button-text\">Art. 1 OHG<\/span>\n\t\t\t\t\t<\/span>\n\t\t\t\t\t<\/a>\n\t\t\t\t<\/div>\n\t\t\t\t\t\t\t\t<\/div>\n\t\t\t\t<\/div>\n\t\t\t\t<div class=\"elementor-element elementor-element-76b22ee elementor-widget elementor-widget-button\" data-id=\"76b22ee\" data-element_type=\"widget\" data-e-type=\"widget\" data-widget_type=\"button.default\">\n\t\t\t\t<div class=\"elementor-widget-container\">\n\t\t\t\t\t\t\t\t\t<div class=\"elementor-button-wrapper\">\n\t\t\t\t\t<a class=\"elementor-button elementor-button-link elementor-size-sm\" href=\"https:\/\/www.vs.ch\/de\/web\/sas\/ohgkontakte\" target=\"_blank\" rel=\"nofollow\">\n\t\t\t\t\t\t<span class=\"elementor-button-content-wrapper\">\n\t\t\t\t\t\t<span class=\"elementor-button-icon\">\n\t\t\t\t<svg xmlns=\"http:\/\/www.w3.org\/2000\/svg\" xmlns:xlink=\"http:\/\/www.w3.org\/1999\/xlink\" id=\"Calque_1\" x=\"0px\" y=\"0px\" viewBox=\"0 0 512 512\" style=\"enable-background:new 0 0 512 512;\" xml:space=\"preserve\"><path d=\"M383.8,256.4c0,14.2-11.5,25.6-25.6,25.6h-76.9v76.9c0,14.2-11.5,25.6-25.6,25.6c-14.2,0-25.6-11.5-25.6-25.6V282H153 c-14.2,0-25.6-11.5-25.6-25.6c0-14.2,11.5-25.6,25.6-25.6h76.9v-76.9c0-14.2,11.5-25.6,25.6-25.6c14.2,0,25.6,11.5,25.6,25.6v76.9 h76.9C372.3,230.7,383.8,242.2,383.8,256.4z M511.9,256.4c0,141.4-115,256.4-256.4,256.4c-141.4,0-256.4-115-256.4-256.4 C-0.8,115,114.2,0,255.6,0C396.9,0,511.9,115,511.9,256.4z M473.5,256.4c0-120.2-97.8-217.9-217.9-217.9S37.7,136.2,37.7,256.4 s97.8,217.9,217.9,217.9S473.5,376.5,473.5,256.4z\"><\/path><\/svg>\t\t\t<\/span>\n\t\t\t\t\t\t\t\t\t<span class=\"elementor-button-text\">Opferhilfe-Beratungsstelle (OHG)<\/span>\n\t\t\t\t\t<\/span>\n\t\t\t\t\t<\/a>\n\t\t\t\t<\/div>\n\t\t\t\t\t\t\t\t<\/div>\n\t\t\t\t<\/div>\n\t\t\t\t\t<\/div>\n\t\t\t\t<\/div>\n\t\t\t\t<\/div>\n\t\t\t\t\t<\/div>\n\t\t\t\t<\/div>\n\t\t\t\t<\/div>\n\t\t","protected":false},"excerpt":{"rendered":"<p>Der Kinderschutz strebt das Wohl des Kindes an. Grunds\u00e4tzlich m\u00fcssen deine Eltern oder gesetzlichen Vertreter in erster Linie f\u00fcr dein Wohl sorgen. Manchmal gelingt ihnen das nicht oder nicht mehr und es m\u00fcssen Massnahmen ergriffen werden, um dich zu sch\u00fctzen. Kindeswohl als Grundprinzip Meldepflicht einer Kindeswohlgef\u00e4hrdung Laut Artikel 11 der Schweizer Bundesverfassung haben &#8222;Kinder und [&hellip;]<\/p>\n","protected":false},"author":1,"featured_media":0,"comment_status":"open","ping_status":"open","sticky":false,"template":"","format":"standard","meta":{"_acf_changed":false,"footnotes":""},"categories":[41],"tags":[],"class_list":["post-1617","post","type-post","status-publish","format-standard","hentry","category-familie"],"acf":[],"yoast_head":"<!-- This site is optimized with the Yoast SEO plugin v27.4 - https:\/\/yoast.com\/product\/yoast-seo-wordpress\/ -->\n<title>Kindesschutz | Reglo.ch<\/title>\n<meta name=\"robots\" content=\"index, follow, max-snippet:-1, max-image-preview:large, max-video-preview:-1\" \/>\n<link rel=\"canonical\" href=\"https:\/\/reglo.ch\/de\/familie\/kindesschutz\/\" \/>\n<meta property=\"og:locale\" content=\"de_DE\" \/>\n<meta property=\"og:type\" content=\"article\" \/>\n<meta property=\"og:title\" content=\"Kindesschutz | Reglo.ch\" \/>\n<meta property=\"og:description\" content=\"Der Kinderschutz strebt das Wohl des Kindes an. Grunds\u00e4tzlich m\u00fcssen deine Eltern oder gesetzlichen Vertreter in erster Linie f\u00fcr dein Wohl sorgen. Manchmal gelingt ihnen das nicht oder nicht mehr und es m\u00fcssen Massnahmen ergriffen werden, um dich zu sch\u00fctzen. Kindeswohl als Grundprinzip Meldepflicht einer Kindeswohlgef\u00e4hrdung Laut Artikel 11 der Schweizer Bundesverfassung haben &#8222;Kinder und [&hellip;]\" \/>\n<meta property=\"og:url\" content=\"https:\/\/reglo.ch\/de\/familie\/kindesschutz\/\" \/>\n<meta property=\"og:site_name\" content=\"Reglo.ch\" \/>\n<meta property=\"article:published_time\" content=\"2023-06-21T15:40:41+00:00\" \/>\n<meta property=\"article:modified_time\" content=\"2026-03-24T15:29:55+00:00\" \/>\n<meta property=\"og:image\" content=\"https:\/\/s.w.org\/images\/core\/emoji\/17.0.2\/svg\/1f4cc.svg\" \/>\n<meta name=\"author\" content=\"admin-copilote\" \/>\n<meta name=\"twitter:card\" content=\"summary_large_image\" \/>\n<meta name=\"twitter:label1\" content=\"Verfasst von\" \/>\n\t<meta name=\"twitter:data1\" content=\"admin-copilote\" \/>\n\t<meta name=\"twitter:label2\" content=\"Gesch\u00e4tzte Lesezeit\" \/>\n\t<meta name=\"twitter:data2\" content=\"5\u00a0Minuten\" \/>\n<script type=\"application\/ld+json\" class=\"yoast-schema-graph\">{\"@context\":\"https:\\\/\\\/schema.org\",\"@graph\":[{\"@type\":\"Article\",\"@id\":\"https:\\\/\\\/reglo.ch\\\/de\\\/familie\\\/kindesschutz\\\/#article\",\"isPartOf\":{\"@id\":\"https:\\\/\\\/reglo.ch\\\/de\\\/familie\\\/kindesschutz\\\/\"},\"author\":{\"name\":\"admin-copilote\",\"@id\":\"https:\\\/\\\/reglo.ch\\\/de\\\/#\\\/schema\\\/person\\\/e1d61ebcb9096eb149df3b01779bda8e\"},\"headline\":\"Kindesschutz\",\"datePublished\":\"2023-06-21T15:40:41+00:00\",\"dateModified\":\"2026-03-24T15:29:55+00:00\",\"mainEntityOfPage\":{\"@id\":\"https:\\\/\\\/reglo.ch\\\/de\\\/familie\\\/kindesschutz\\\/\"},\"wordCount\":750,\"commentCount\":0,\"image\":{\"@id\":\"https:\\\/\\\/reglo.ch\\\/de\\\/familie\\\/kindesschutz\\\/#primaryimage\"},\"thumbnailUrl\":\"https:\\\/\\\/s.w.org\\\/images\\\/core\\\/emoji\\\/17.0.2\\\/svg\\\/1f4cc.svg\",\"articleSection\":[\"Familie, Ehe, Scheidungsverfahren, Kindesunterhalt\"],\"inLanguage\":\"de\",\"potentialAction\":[{\"@type\":\"CommentAction\",\"name\":\"Comment\",\"target\":[\"https:\\\/\\\/reglo.ch\\\/de\\\/familie\\\/kindesschutz\\\/#respond\"]}]},{\"@type\":\"WebPage\",\"@id\":\"https:\\\/\\\/reglo.ch\\\/de\\\/familie\\\/kindesschutz\\\/\",\"url\":\"https:\\\/\\\/reglo.ch\\\/de\\\/familie\\\/kindesschutz\\\/\",\"name\":\"Kindesschutz | Reglo.ch\",\"isPartOf\":{\"@id\":\"https:\\\/\\\/reglo.ch\\\/de\\\/#website\"},\"primaryImageOfPage\":{\"@id\":\"https:\\\/\\\/reglo.ch\\\/de\\\/familie\\\/kindesschutz\\\/#primaryimage\"},\"image\":{\"@id\":\"https:\\\/\\\/reglo.ch\\\/de\\\/familie\\\/kindesschutz\\\/#primaryimage\"},\"thumbnailUrl\":\"https:\\\/\\\/s.w.org\\\/images\\\/core\\\/emoji\\\/17.0.2\\\/svg\\\/1f4cc.svg\",\"datePublished\":\"2023-06-21T15:40:41+00:00\",\"dateModified\":\"2026-03-24T15:29:55+00:00\",\"author\":{\"@id\":\"https:\\\/\\\/reglo.ch\\\/de\\\/#\\\/schema\\\/person\\\/e1d61ebcb9096eb149df3b01779bda8e\"},\"breadcrumb\":{\"@id\":\"https:\\\/\\\/reglo.ch\\\/de\\\/familie\\\/kindesschutz\\\/#breadcrumb\"},\"inLanguage\":\"de\",\"potentialAction\":[{\"@type\":\"ReadAction\",\"target\":[\"https:\\\/\\\/reglo.ch\\\/de\\\/familie\\\/kindesschutz\\\/\"]}]},{\"@type\":\"ImageObject\",\"inLanguage\":\"de\",\"@id\":\"https:\\\/\\\/reglo.ch\\\/de\\\/familie\\\/kindesschutz\\\/#primaryimage\",\"url\":\"https:\\\/\\\/s.w.org\\\/images\\\/core\\\/emoji\\\/17.0.2\\\/svg\\\/1f4cc.svg\",\"contentUrl\":\"https:\\\/\\\/s.w.org\\\/images\\\/core\\\/emoji\\\/17.0.2\\\/svg\\\/1f4cc.svg\"},{\"@type\":\"BreadcrumbList\",\"@id\":\"https:\\\/\\\/reglo.ch\\\/de\\\/familie\\\/kindesschutz\\\/#breadcrumb\",\"itemListElement\":[{\"@type\":\"ListItem\",\"position\":1,\"name\":\"\ud83c\udfe0\",\"item\":\"https:\\\/\\\/reglo.ch\\\/de\\\/\"},{\"@type\":\"ListItem\",\"position\":2,\"name\":\"Kindesschutz\"}]},{\"@type\":\"WebSite\",\"@id\":\"https:\\\/\\\/reglo.ch\\\/de\\\/#website\",\"url\":\"https:\\\/\\\/reglo.ch\\\/de\\\/\",\"name\":\"Reglo.ch\",\"description\":\"Tes droits, tes devoirs\",\"potentialAction\":[{\"@type\":\"SearchAction\",\"target\":{\"@type\":\"EntryPoint\",\"urlTemplate\":\"https:\\\/\\\/reglo.ch\\\/de\\\/?s={search_term_string}\"},\"query-input\":{\"@type\":\"PropertyValueSpecification\",\"valueRequired\":true,\"valueName\":\"search_term_string\"}}],\"inLanguage\":\"de\"},{\"@type\":\"Person\",\"@id\":\"https:\\\/\\\/reglo.ch\\\/de\\\/#\\\/schema\\\/person\\\/e1d61ebcb9096eb149df3b01779bda8e\",\"name\":\"admin-copilote\",\"image\":{\"@type\":\"ImageObject\",\"inLanguage\":\"de\",\"@id\":\"https:\\\/\\\/secure.gravatar.com\\\/avatar\\\/6a3aee293b06c15bb19da24e6b885e51848ce8c54589040899d1f72d3b42dcd1?s=96&d=mm&r=g\",\"url\":\"https:\\\/\\\/secure.gravatar.com\\\/avatar\\\/6a3aee293b06c15bb19da24e6b885e51848ce8c54589040899d1f72d3b42dcd1?s=96&d=mm&r=g\",\"contentUrl\":\"https:\\\/\\\/secure.gravatar.com\\\/avatar\\\/6a3aee293b06c15bb19da24e6b885e51848ce8c54589040899d1f72d3b42dcd1?s=96&d=mm&r=g\",\"caption\":\"admin-copilote\"},\"sameAs\":[\"https:\\\/\\\/reglo.ch\"]}]}<\/script>\n<!-- \/ Yoast SEO plugin. -->","yoast_head_json":{"title":"Kindesschutz | Reglo.ch","robots":{"index":"index","follow":"follow","max-snippet":"max-snippet:-1","max-image-preview":"max-image-preview:large","max-video-preview":"max-video-preview:-1"},"canonical":"https:\/\/reglo.ch\/de\/familie\/kindesschutz\/","og_locale":"de_DE","og_type":"article","og_title":"Kindesschutz | Reglo.ch","og_description":"Der Kinderschutz strebt das Wohl des Kindes an. Grunds\u00e4tzlich m\u00fcssen deine Eltern oder gesetzlichen Vertreter in erster Linie f\u00fcr dein Wohl sorgen. Manchmal gelingt ihnen das nicht oder nicht mehr und es m\u00fcssen Massnahmen ergriffen werden, um dich zu sch\u00fctzen. Kindeswohl als Grundprinzip Meldepflicht einer Kindeswohlgef\u00e4hrdung Laut Artikel 11 der Schweizer Bundesverfassung haben &#8222;Kinder und [&hellip;]","og_url":"https:\/\/reglo.ch\/de\/familie\/kindesschutz\/","og_site_name":"Reglo.ch","article_published_time":"2023-06-21T15:40:41+00:00","article_modified_time":"2026-03-24T15:29:55+00:00","og_image":[{"url":"https:\/\/s.w.org\/images\/core\/emoji\/17.0.2\/svg\/1f4cc.svg","type":"","width":"","height":""}],"author":"admin-copilote","twitter_card":"summary_large_image","twitter_misc":{"Verfasst von":"admin-copilote","Gesch\u00e4tzte Lesezeit":"5\u00a0Minuten"},"schema":{"@context":"https:\/\/schema.org","@graph":[{"@type":"Article","@id":"https:\/\/reglo.ch\/de\/familie\/kindesschutz\/#article","isPartOf":{"@id":"https:\/\/reglo.ch\/de\/familie\/kindesschutz\/"},"author":{"name":"admin-copilote","@id":"https:\/\/reglo.ch\/de\/#\/schema\/person\/e1d61ebcb9096eb149df3b01779bda8e"},"headline":"Kindesschutz","datePublished":"2023-06-21T15:40:41+00:00","dateModified":"2026-03-24T15:29:55+00:00","mainEntityOfPage":{"@id":"https:\/\/reglo.ch\/de\/familie\/kindesschutz\/"},"wordCount":750,"commentCount":0,"image":{"@id":"https:\/\/reglo.ch\/de\/familie\/kindesschutz\/#primaryimage"},"thumbnailUrl":"https:\/\/s.w.org\/images\/core\/emoji\/17.0.2\/svg\/1f4cc.svg","articleSection":["Familie, Ehe, Scheidungsverfahren, Kindesunterhalt"],"inLanguage":"de","potentialAction":[{"@type":"CommentAction","name":"Comment","target":["https:\/\/reglo.ch\/de\/familie\/kindesschutz\/#respond"]}]},{"@type":"WebPage","@id":"https:\/\/reglo.ch\/de\/familie\/kindesschutz\/","url":"https:\/\/reglo.ch\/de\/familie\/kindesschutz\/","name":"Kindesschutz | Reglo.ch","isPartOf":{"@id":"https:\/\/reglo.ch\/de\/#website"},"primaryImageOfPage":{"@id":"https:\/\/reglo.ch\/de\/familie\/kindesschutz\/#primaryimage"},"image":{"@id":"https:\/\/reglo.ch\/de\/familie\/kindesschutz\/#primaryimage"},"thumbnailUrl":"https:\/\/s.w.org\/images\/core\/emoji\/17.0.2\/svg\/1f4cc.svg","datePublished":"2023-06-21T15:40:41+00:00","dateModified":"2026-03-24T15:29:55+00:00","author":{"@id":"https:\/\/reglo.ch\/de\/#\/schema\/person\/e1d61ebcb9096eb149df3b01779bda8e"},"breadcrumb":{"@id":"https:\/\/reglo.ch\/de\/familie\/kindesschutz\/#breadcrumb"},"inLanguage":"de","potentialAction":[{"@type":"ReadAction","target":["https:\/\/reglo.ch\/de\/familie\/kindesschutz\/"]}]},{"@type":"ImageObject","inLanguage":"de","@id":"https:\/\/reglo.ch\/de\/familie\/kindesschutz\/#primaryimage","url":"https:\/\/s.w.org\/images\/core\/emoji\/17.0.2\/svg\/1f4cc.svg","contentUrl":"https:\/\/s.w.org\/images\/core\/emoji\/17.0.2\/svg\/1f4cc.svg"},{"@type":"BreadcrumbList","@id":"https:\/\/reglo.ch\/de\/familie\/kindesschutz\/#breadcrumb","itemListElement":[{"@type":"ListItem","position":1,"name":"\ud83c\udfe0","item":"https:\/\/reglo.ch\/de\/"},{"@type":"ListItem","position":2,"name":"Kindesschutz"}]},{"@type":"WebSite","@id":"https:\/\/reglo.ch\/de\/#website","url":"https:\/\/reglo.ch\/de\/","name":"Reglo.ch","description":"Tes droits, tes devoirs","potentialAction":[{"@type":"SearchAction","target":{"@type":"EntryPoint","urlTemplate":"https:\/\/reglo.ch\/de\/?s={search_term_string}"},"query-input":{"@type":"PropertyValueSpecification","valueRequired":true,"valueName":"search_term_string"}}],"inLanguage":"de"},{"@type":"Person","@id":"https:\/\/reglo.ch\/de\/#\/schema\/person\/e1d61ebcb9096eb149df3b01779bda8e","name":"admin-copilote","image":{"@type":"ImageObject","inLanguage":"de","@id":"https:\/\/secure.gravatar.com\/avatar\/6a3aee293b06c15bb19da24e6b885e51848ce8c54589040899d1f72d3b42dcd1?s=96&d=mm&r=g","url":"https:\/\/secure.gravatar.com\/avatar\/6a3aee293b06c15bb19da24e6b885e51848ce8c54589040899d1f72d3b42dcd1?s=96&d=mm&r=g","contentUrl":"https:\/\/secure.gravatar.com\/avatar\/6a3aee293b06c15bb19da24e6b885e51848ce8c54589040899d1f72d3b42dcd1?s=96&d=mm&r=g","caption":"admin-copilote"},"sameAs":["https:\/\/reglo.ch"]}]}},"_links":{"self":[{"href":"https:\/\/reglo.ch\/de\/wp-json\/wp\/v2\/posts\/1617","targetHints":{"allow":["GET"]}}],"collection":[{"href":"https:\/\/reglo.ch\/de\/wp-json\/wp\/v2\/posts"}],"about":[{"href":"https:\/\/reglo.ch\/de\/wp-json\/wp\/v2\/types\/post"}],"author":[{"embeddable":true,"href":"https:\/\/reglo.ch\/de\/wp-json\/wp\/v2\/users\/1"}],"replies":[{"embeddable":true,"href":"https:\/\/reglo.ch\/de\/wp-json\/wp\/v2\/comments?post=1617"}],"version-history":[{"count":37,"href":"https:\/\/reglo.ch\/de\/wp-json\/wp\/v2\/posts\/1617\/revisions"}],"predecessor-version":[{"id":3896,"href":"https:\/\/reglo.ch\/de\/wp-json\/wp\/v2\/posts\/1617\/revisions\/3896"}],"wp:attachment":[{"href":"https:\/\/reglo.ch\/de\/wp-json\/wp\/v2\/media?parent=1617"}],"wp:term":[{"taxonomy":"category","embeddable":true,"href":"https:\/\/reglo.ch\/de\/wp-json\/wp\/v2\/categories?post=1617"},{"taxonomy":"post_tag","embeddable":true,"href":"https:\/\/reglo.ch\/de\/wp-json\/wp\/v2\/tags?post=1617"}],"curies":[{"name":"wp","href":"https:\/\/api.w.org\/{rel}","templated":true}]}}