{"id":1636,"date":"2023-06-26T16:56:28","date_gmt":"2023-06-26T14:56:28","guid":{"rendered":"https:\/\/reglo.ch\/staatsbuergerschaft-privatsphaere-schutz\/e-trottinetts\/"},"modified":"2023-08-28T18:24:34","modified_gmt":"2023-08-28T16:24:34","slug":"e-trottinetts","status":"publish","type":"post","link":"https:\/\/reglo.ch\/de\/mobilitaet-und-strassenverkehr\/e-trottinetts\/","title":{"rendered":"E-Trottinetts"},"content":{"rendered":"\t\t<div data-elementor-type=\"wp-post\" data-elementor-id=\"1636\" class=\"elementor elementor-1636 elementor-663\" data-elementor-post-type=\"post\">\n\t\t\t\t<div class=\"elementor-element elementor-element-c63aeb5 e-dte-flex e-flex e-con-boxed e-con e-parent\" data-id=\"c63aeb5\" data-element_type=\"container\" data-e-type=\"container\" data-settings=\"{&quot;dte_container_type&quot;:&quot;flex&quot;}\">\n\t\t\t\t\t<div class=\"e-con-inner\">\n\t\t\t\t<div class=\"elementor-element elementor-element-a1a5f57 elementor-widget elementor-widget-text-editor\" data-id=\"a1a5f57\" data-element_type=\"widget\" data-e-type=\"widget\" data-widget_type=\"text-editor.default\">\n\t\t\t\t<div class=\"elementor-widget-container\">\n\t\t\t\t\t\t\t\t\t<p>Elektroroller fallen unter die Kategorie &#8222;Leichtmofas&#8220; und sind laut Verkehrsgesetz erlaubt. Ihre Geschwindigkeit darf jedoch 20 km\/h nicht \u00fcberschreiten, bei einer maximalen Leistung von 0,5 Kw. Ein Kontrollschild ist nicht erforderlich und die Verkehrsregeln, die f\u00fcr diese Kategorie von Zweir\u00e4dern gelten, sind dieselben wie f\u00fcr Mopeds oder E-Bikes.  <\/p>\n\t\t\t\t\t\t\t\t<\/div>\n\t\t\t\t<\/div>\n\t\t\t\t\t<\/div>\n\t\t\t\t<\/div>\n\t\t<div class=\"elementor-element elementor-element-20c9abb6 e-dte-flex e-flex e-con-boxed e-con e-parent\" data-id=\"20c9abb6\" data-element_type=\"container\" data-e-type=\"container\" data-settings=\"{&quot;dte_container_type&quot;:&quot;flex&quot;}\">\n\t\t\t\t\t<div class=\"e-con-inner\">\n\t\t<div class=\"elementor-element elementor-element-ad7e0cd e-con-full e-dte-flex e-flex e-con e-parent\" data-id=\"ad7e0cd\" data-element_type=\"container\" data-e-type=\"container\" data-settings=\"{&quot;dte_container_type&quot;:&quot;flex&quot;}\">\n\t\t<div class=\"elementor-element elementor-element-5ea45e2b e-dte-flex e-flex e-con-boxed e-con e-parent\" data-id=\"5ea45e2b\" data-element_type=\"container\" data-e-type=\"container\" data-settings=\"{&quot;background_background&quot;:&quot;classic&quot;,&quot;dte_container_type&quot;:&quot;flex&quot;}\">\n\t\t\t\t\t<div class=\"e-con-inner\">\n\t\t\t\t<div class=\"elementor-element elementor-element-7aa8878d elementor-widget elementor-widget-heading\" data-id=\"7aa8878d\" data-element_type=\"widget\" data-e-type=\"widget\" data-widget_type=\"heading.default\">\n\t\t\t\t<div class=\"elementor-widget-container\">\n\t\t\t\t\t<h2 class=\"elementor-heading-title elementor-size-default\">\u261d\ufe0f Gut zu wissen<\/h2>\t\t\t\t<\/div>\n\t\t\t\t<\/div>\n\t\t\t\t<div class=\"elementor-element elementor-element-48d5c908 elementor-widget elementor-widget-text-editor\" data-id=\"48d5c908\" data-element_type=\"widget\" data-e-type=\"widget\" data-widget_type=\"text-editor.default\">\n\t\t\t\t<div class=\"elementor-widget-container\">\n\t\t\t\t\t\t\t\t\t<ul>\n<li>E-Trottinetts sind f\u00fcr Kinder unter 14 Jahren verboten!<\/li>\n<li>Von 14 bis 16 Jahren musst du einen F\u00fchrerschein der Kategorie M (Moped) besitzen. Ab 16 Jahren ist kein F\u00fchrerschein erforderlich.<\/li>\n<li>Es ist verboten, mit mehreren Personen auf einem E-Trottinett auf zu fahren.<\/li>\n<li>Es ist verboten, mit einem E-Trottinett auf dem Trottoir zu fahren.<\/li>\n<li>Du bist verpflichtet, auf dem Radweg zu fahren, sofern es einen gibt, oder auf der Fahrbahn.<\/li>\n<\/ul>\n\t\t\t\t\t\t\t\t<\/div>\n\t\t\t\t<\/div>\n\t\t\t\t\t<\/div>\n\t\t\t\t<\/div>\n\t\t\t\t<\/div>\n\t\t<div class=\"elementor-element elementor-element-1623b098 e-con-full e-dte-flex e-flex e-con e-parent\" data-id=\"1623b098\" data-element_type=\"container\" data-e-type=\"container\" data-settings=\"{&quot;dte_container_type&quot;:&quot;flex&quot;}\">\n\t\t<div class=\"elementor-element elementor-element-66de51bf e-dte-flex e-flex e-con-boxed e-con e-parent\" data-id=\"66de51bf\" data-element_type=\"container\" data-e-type=\"container\" data-settings=\"{&quot;background_background&quot;:&quot;classic&quot;,&quot;dte_container_type&quot;:&quot;flex&quot;}\">\n\t\t\t\t\t<div class=\"e-con-inner\">\n\t\t\t\t<div class=\"elementor-element elementor-element-bb2471b elementor-widget elementor-widget-heading\" data-id=\"bb2471b\" data-element_type=\"widget\" data-e-type=\"widget\" data-widget_type=\"heading.default\">\n\t\t\t\t<div class=\"elementor-widget-container\">\n\t\t\t\t\t<h2 class=\"elementor-heading-title elementor-size-default\">\ud83d\ude09 Tipps f\u00fcr Besitzer<\/h2>\t\t\t\t<\/div>\n\t\t\t\t<\/div>\n\t\t\t\t<div class=\"elementor-element elementor-element-29c786f8 elementor-widget elementor-widget-text-editor\" data-id=\"29c786f8\" data-element_type=\"widget\" data-e-type=\"widget\" data-widget_type=\"text-editor.default\">\n\t\t\t\t<div class=\"elementor-widget-container\">\n\t\t\t\t\t\t\t\t\t<ul>\n<li>Benutze nur die Fahrbahnen, auf denen du fahren darfst.<\/li>\n<li>Halte dich immer an die Verkehrsregeln (Ampeln, Kreisverkehre, Kreuzungen usw.).<\/li>\n<li>Trage einen Helm. E-Trottinetts sind weniger stabil als ein Fahrrad und ein Sturz ist schnell passiert.<\/li>\n<li>Denke auch daran, deine Handgelenke, Ellbogen und Knie zu sch\u00fctzen.<\/li>\n<li>Sei gut sichtbar (trage bei sch\u00f6nem Wetter helle Kleidung und im Winter, bei Regen oder in der Dunkelheit retroreflektierende Kleidung oder Accessoires).<\/li>\n<li>Achte auf das Bremsen (mehrere Meter sind n\u00f6tig, um anzuhalten).<\/li>\n<\/ul>\n\t\t\t\t\t\t\t\t<\/div>\n\t\t\t\t<\/div>\n\t\t\t\t\t<\/div>\n\t\t\t\t<\/div>\n\t\t\t\t<\/div>\n\t\t\t\t\t<\/div>\n\t\t\t\t<\/div>\n\t\t\t\t<\/div>\n\t\t","protected":false},"excerpt":{"rendered":"<p>Elektroroller fallen unter die Kategorie &#8222;Leichtmofas&#8220; und sind laut Verkehrsgesetz erlaubt. Ihre Geschwindigkeit darf jedoch 20 km\/h nicht \u00fcberschreiten, bei einer maximalen Leistung von 0,5 Kw. Ein Kontrollschild ist nicht erforderlich und die Verkehrsregeln, die f\u00fcr diese Kategorie von Zweir\u00e4dern gelten, sind dieselben wie f\u00fcr Mopeds oder E-Bikes. \u261d\ufe0f Gut zu wissen E-Trottinetts sind f\u00fcr [&hellip;]<\/p>\n","protected":false},"author":1,"featured_media":0,"comment_status":"open","ping_status":"open","sticky":false,"template":"","format":"standard","meta":{"_acf_changed":false,"footnotes":""},"categories":[47],"tags":[],"class_list":["post-1636","post","type-post","status-publish","format-standard","hentry","category-mobilitaet-und-strassenverkehr"],"acf":[],"yoast_head":"<!-- This site is optimized with the Yoast SEO plugin v27.5 - https:\/\/yoast.com\/product\/yoast-seo-wordpress\/ -->\n<title>E-Trottinetts | Reglo.ch<\/title>\n<meta name=\"robots\" content=\"index, follow, max-snippet:-1, max-image-preview:large, max-video-preview:-1\" \/>\n<link rel=\"canonical\" href=\"https:\/\/reglo.ch\/de\/mobilitaet-und-strassenverkehr\/e-trottinetts\/\" \/>\n<meta property=\"og:locale\" content=\"de_DE\" \/>\n<meta property=\"og:type\" content=\"article\" \/>\n<meta property=\"og:title\" content=\"E-Trottinetts | Reglo.ch\" \/>\n<meta property=\"og:description\" content=\"Elektroroller fallen unter die Kategorie &#8222;Leichtmofas&#8220; und sind laut Verkehrsgesetz erlaubt. Ihre Geschwindigkeit darf jedoch 20 km\/h nicht \u00fcberschreiten, bei einer maximalen Leistung von 0,5 Kw. Ein Kontrollschild ist nicht erforderlich und die Verkehrsregeln, die f\u00fcr diese Kategorie von Zweir\u00e4dern gelten, sind dieselben wie f\u00fcr Mopeds oder E-Bikes. \u261d\ufe0f Gut zu wissen E-Trottinetts sind f\u00fcr [&hellip;]\" \/>\n<meta property=\"og:url\" content=\"https:\/\/reglo.ch\/de\/mobilitaet-und-strassenverkehr\/e-trottinetts\/\" \/>\n<meta property=\"og:site_name\" content=\"Reglo.ch\" \/>\n<meta property=\"article:published_time\" content=\"2023-06-26T14:56:28+00:00\" \/>\n<meta property=\"article:modified_time\" content=\"2023-08-28T16:24:34+00:00\" \/>\n<meta property=\"og:image\" content=\"https:\/\/reglo.ch\/wp-content\/uploads\/2023\/06\/reglo-main.jpg\" \/>\n\t<meta property=\"og:image:width\" content=\"2560\" \/>\n\t<meta property=\"og:image:height\" content=\"1440\" \/>\n\t<meta property=\"og:image:type\" content=\"image\/jpeg\" \/>\n<meta name=\"author\" content=\"admin-copilote\" \/>\n<meta name=\"twitter:card\" content=\"summary_large_image\" \/>\n<meta name=\"twitter:label1\" content=\"Verfasst von\" \/>\n\t<meta name=\"twitter:data1\" content=\"admin-copilote\" \/>\n\t<meta name=\"twitter:label2\" content=\"Gesch\u00e4tzte Lesezeit\" \/>\n\t<meta name=\"twitter:data2\" content=\"2\u00a0Minuten\" \/>\n<script type=\"application\/ld+json\" class=\"yoast-schema-graph\">{\"@context\":\"https:\\\/\\\/schema.org\",\"@graph\":[{\"@type\":\"Article\",\"@id\":\"https:\\\/\\\/reglo.ch\\\/de\\\/mobilitaet-und-strassenverkehr\\\/e-trottinetts\\\/#article\",\"isPartOf\":{\"@id\":\"https:\\\/\\\/reglo.ch\\\/de\\\/mobilitaet-und-strassenverkehr\\\/e-trottinetts\\\/\"},\"author\":{\"name\":\"admin-copilote\",\"@id\":\"https:\\\/\\\/reglo.ch\\\/de\\\/#\\\/schema\\\/person\\\/e1d61ebcb9096eb149df3b01779bda8e\"},\"headline\":\"E-Trottinetts\",\"datePublished\":\"2023-06-26T14:56:28+00:00\",\"dateModified\":\"2023-08-28T16:24:34+00:00\",\"mainEntityOfPage\":{\"@id\":\"https:\\\/\\\/reglo.ch\\\/de\\\/mobilitaet-und-strassenverkehr\\\/e-trottinetts\\\/\"},\"wordCount\":205,\"commentCount\":0,\"articleSection\":[\"Mobilit\u00e4t und Strassenverkehr\"],\"inLanguage\":\"de\",\"potentialAction\":[{\"@type\":\"CommentAction\",\"name\":\"Comment\",\"target\":[\"https:\\\/\\\/reglo.ch\\\/de\\\/mobilitaet-und-strassenverkehr\\\/e-trottinetts\\\/#respond\"]}]},{\"@type\":\"WebPage\",\"@id\":\"https:\\\/\\\/reglo.ch\\\/de\\\/mobilitaet-und-strassenverkehr\\\/e-trottinetts\\\/\",\"url\":\"https:\\\/\\\/reglo.ch\\\/de\\\/mobilitaet-und-strassenverkehr\\\/e-trottinetts\\\/\",\"name\":\"E-Trottinetts | Reglo.ch\",\"isPartOf\":{\"@id\":\"https:\\\/\\\/reglo.ch\\\/de\\\/#website\"},\"datePublished\":\"2023-06-26T14:56:28+00:00\",\"dateModified\":\"2023-08-28T16:24:34+00:00\",\"author\":{\"@id\":\"https:\\\/\\\/reglo.ch\\\/de\\\/#\\\/schema\\\/person\\\/e1d61ebcb9096eb149df3b01779bda8e\"},\"breadcrumb\":{\"@id\":\"https:\\\/\\\/reglo.ch\\\/de\\\/mobilitaet-und-strassenverkehr\\\/e-trottinetts\\\/#breadcrumb\"},\"inLanguage\":\"de\",\"potentialAction\":[{\"@type\":\"ReadAction\",\"target\":[\"https:\\\/\\\/reglo.ch\\\/de\\\/mobilitaet-und-strassenverkehr\\\/e-trottinetts\\\/\"]}]},{\"@type\":\"BreadcrumbList\",\"@id\":\"https:\\\/\\\/reglo.ch\\\/de\\\/mobilitaet-und-strassenverkehr\\\/e-trottinetts\\\/#breadcrumb\",\"itemListElement\":[{\"@type\":\"ListItem\",\"position\":1,\"name\":\"\ud83c\udfe0\",\"item\":\"https:\\\/\\\/reglo.ch\\\/de\\\/\"},{\"@type\":\"ListItem\",\"position\":2,\"name\":\"E-Trottinetts\"}]},{\"@type\":\"WebSite\",\"@id\":\"https:\\\/\\\/reglo.ch\\\/de\\\/#website\",\"url\":\"https:\\\/\\\/reglo.ch\\\/de\\\/\",\"name\":\"Reglo.ch\",\"description\":\"Tes droits, tes devoirs\",\"potentialAction\":[{\"@type\":\"SearchAction\",\"target\":{\"@type\":\"EntryPoint\",\"urlTemplate\":\"https:\\\/\\\/reglo.ch\\\/de\\\/?s={search_term_string}\"},\"query-input\":{\"@type\":\"PropertyValueSpecification\",\"valueRequired\":true,\"valueName\":\"search_term_string\"}}],\"inLanguage\":\"de\"},{\"@type\":\"Person\",\"@id\":\"https:\\\/\\\/reglo.ch\\\/de\\\/#\\\/schema\\\/person\\\/e1d61ebcb9096eb149df3b01779bda8e\",\"name\":\"admin-copilote\",\"image\":{\"@type\":\"ImageObject\",\"inLanguage\":\"de\",\"@id\":\"https:\\\/\\\/secure.gravatar.com\\\/avatar\\\/6a3aee293b06c15bb19da24e6b885e51848ce8c54589040899d1f72d3b42dcd1?s=96&d=mm&r=g\",\"url\":\"https:\\\/\\\/secure.gravatar.com\\\/avatar\\\/6a3aee293b06c15bb19da24e6b885e51848ce8c54589040899d1f72d3b42dcd1?s=96&d=mm&r=g\",\"contentUrl\":\"https:\\\/\\\/secure.gravatar.com\\\/avatar\\\/6a3aee293b06c15bb19da24e6b885e51848ce8c54589040899d1f72d3b42dcd1?s=96&d=mm&r=g\",\"caption\":\"admin-copilote\"},\"sameAs\":[\"https:\\\/\\\/reglo.ch\"]}]}<\/script>\n<!-- \/ Yoast SEO plugin. -->","yoast_head_json":{"title":"E-Trottinetts | Reglo.ch","robots":{"index":"index","follow":"follow","max-snippet":"max-snippet:-1","max-image-preview":"max-image-preview:large","max-video-preview":"max-video-preview:-1"},"canonical":"https:\/\/reglo.ch\/de\/mobilitaet-und-strassenverkehr\/e-trottinetts\/","og_locale":"de_DE","og_type":"article","og_title":"E-Trottinetts | Reglo.ch","og_description":"Elektroroller fallen unter die Kategorie &#8222;Leichtmofas&#8220; und sind laut Verkehrsgesetz erlaubt. Ihre Geschwindigkeit darf jedoch 20 km\/h nicht \u00fcberschreiten, bei einer maximalen Leistung von 0,5 Kw. Ein Kontrollschild ist nicht erforderlich und die Verkehrsregeln, die f\u00fcr diese Kategorie von Zweir\u00e4dern gelten, sind dieselben wie f\u00fcr Mopeds oder E-Bikes. \u261d\ufe0f Gut zu wissen E-Trottinetts sind f\u00fcr [&hellip;]","og_url":"https:\/\/reglo.ch\/de\/mobilitaet-und-strassenverkehr\/e-trottinetts\/","og_site_name":"Reglo.ch","article_published_time":"2023-06-26T14:56:28+00:00","article_modified_time":"2023-08-28T16:24:34+00:00","og_image":[{"width":2560,"height":1440,"url":"https:\/\/reglo.ch\/wp-content\/uploads\/2023\/06\/reglo-main.jpg","type":"image\/jpeg"}],"author":"admin-copilote","twitter_card":"summary_large_image","twitter_misc":{"Verfasst von":"admin-copilote","Gesch\u00e4tzte Lesezeit":"2\u00a0Minuten"},"schema":{"@context":"https:\/\/schema.org","@graph":[{"@type":"Article","@id":"https:\/\/reglo.ch\/de\/mobilitaet-und-strassenverkehr\/e-trottinetts\/#article","isPartOf":{"@id":"https:\/\/reglo.ch\/de\/mobilitaet-und-strassenverkehr\/e-trottinetts\/"},"author":{"name":"admin-copilote","@id":"https:\/\/reglo.ch\/de\/#\/schema\/person\/e1d61ebcb9096eb149df3b01779bda8e"},"headline":"E-Trottinetts","datePublished":"2023-06-26T14:56:28+00:00","dateModified":"2023-08-28T16:24:34+00:00","mainEntityOfPage":{"@id":"https:\/\/reglo.ch\/de\/mobilitaet-und-strassenverkehr\/e-trottinetts\/"},"wordCount":205,"commentCount":0,"articleSection":["Mobilit\u00e4t und Strassenverkehr"],"inLanguage":"de","potentialAction":[{"@type":"CommentAction","name":"Comment","target":["https:\/\/reglo.ch\/de\/mobilitaet-und-strassenverkehr\/e-trottinetts\/#respond"]}]},{"@type":"WebPage","@id":"https:\/\/reglo.ch\/de\/mobilitaet-und-strassenverkehr\/e-trottinetts\/","url":"https:\/\/reglo.ch\/de\/mobilitaet-und-strassenverkehr\/e-trottinetts\/","name":"E-Trottinetts | Reglo.ch","isPartOf":{"@id":"https:\/\/reglo.ch\/de\/#website"},"datePublished":"2023-06-26T14:56:28+00:00","dateModified":"2023-08-28T16:24:34+00:00","author":{"@id":"https:\/\/reglo.ch\/de\/#\/schema\/person\/e1d61ebcb9096eb149df3b01779bda8e"},"breadcrumb":{"@id":"https:\/\/reglo.ch\/de\/mobilitaet-und-strassenverkehr\/e-trottinetts\/#breadcrumb"},"inLanguage":"de","potentialAction":[{"@type":"ReadAction","target":["https:\/\/reglo.ch\/de\/mobilitaet-und-strassenverkehr\/e-trottinetts\/"]}]},{"@type":"BreadcrumbList","@id":"https:\/\/reglo.ch\/de\/mobilitaet-und-strassenverkehr\/e-trottinetts\/#breadcrumb","itemListElement":[{"@type":"ListItem","position":1,"name":"\ud83c\udfe0","item":"https:\/\/reglo.ch\/de\/"},{"@type":"ListItem","position":2,"name":"E-Trottinetts"}]},{"@type":"WebSite","@id":"https:\/\/reglo.ch\/de\/#website","url":"https:\/\/reglo.ch\/de\/","name":"Reglo.ch","description":"Tes droits, tes devoirs","potentialAction":[{"@type":"SearchAction","target":{"@type":"EntryPoint","urlTemplate":"https:\/\/reglo.ch\/de\/?s={search_term_string}"},"query-input":{"@type":"PropertyValueSpecification","valueRequired":true,"valueName":"search_term_string"}}],"inLanguage":"de"},{"@type":"Person","@id":"https:\/\/reglo.ch\/de\/#\/schema\/person\/e1d61ebcb9096eb149df3b01779bda8e","name":"admin-copilote","image":{"@type":"ImageObject","inLanguage":"de","@id":"https:\/\/secure.gravatar.com\/avatar\/6a3aee293b06c15bb19da24e6b885e51848ce8c54589040899d1f72d3b42dcd1?s=96&d=mm&r=g","url":"https:\/\/secure.gravatar.com\/avatar\/6a3aee293b06c15bb19da24e6b885e51848ce8c54589040899d1f72d3b42dcd1?s=96&d=mm&r=g","contentUrl":"https:\/\/secure.gravatar.com\/avatar\/6a3aee293b06c15bb19da24e6b885e51848ce8c54589040899d1f72d3b42dcd1?s=96&d=mm&r=g","caption":"admin-copilote"},"sameAs":["https:\/\/reglo.ch"]}]}},"_links":{"self":[{"href":"https:\/\/reglo.ch\/de\/wp-json\/wp\/v2\/posts\/1636","targetHints":{"allow":["GET"]}}],"collection":[{"href":"https:\/\/reglo.ch\/de\/wp-json\/wp\/v2\/posts"}],"about":[{"href":"https:\/\/reglo.ch\/de\/wp-json\/wp\/v2\/types\/post"}],"author":[{"embeddable":true,"href":"https:\/\/reglo.ch\/de\/wp-json\/wp\/v2\/users\/1"}],"replies":[{"embeddable":true,"href":"https:\/\/reglo.ch\/de\/wp-json\/wp\/v2\/comments?post=1636"}],"version-history":[{"count":7,"href":"https:\/\/reglo.ch\/de\/wp-json\/wp\/v2\/posts\/1636\/revisions"}],"predecessor-version":[{"id":3110,"href":"https:\/\/reglo.ch\/de\/wp-json\/wp\/v2\/posts\/1636\/revisions\/3110"}],"wp:attachment":[{"href":"https:\/\/reglo.ch\/de\/wp-json\/wp\/v2\/media?parent=1636"}],"wp:term":[{"taxonomy":"category","embeddable":true,"href":"https:\/\/reglo.ch\/de\/wp-json\/wp\/v2\/categories?post=1636"},{"taxonomy":"post_tag","embeddable":true,"href":"https:\/\/reglo.ch\/de\/wp-json\/wp\/v2\/tags?post=1636"}],"curies":[{"name":"wp","href":"https:\/\/api.w.org\/{rel}","templated":true}]}}