{"id":1638,"date":"2023-06-26T17:07:27","date_gmt":"2023-06-26T15:07:27","guid":{"rendered":"https:\/\/reglo.ch\/staatsbuergerschaft-privatsphaere-schutz\/mofa-und-oder-fuehrerschein-fuer-landwirtschaftliche-fahrzeuge\/"},"modified":"2023-08-28T18:22:12","modified_gmt":"2023-08-28T16:22:12","slug":"mofa-und-oder-fuehrerschein-fuer-landwirtschaftliche-fahrzeuge","status":"publish","type":"post","link":"https:\/\/reglo.ch\/de\/mobilitaet-und-strassenverkehr\/mofa-und-oder-fuehrerschein-fuer-landwirtschaftliche-fahrzeuge\/","title":{"rendered":"Mofa- und\/oder F\u00fchrerschein f\u00fcr landwirtschaftliche Fahrzeuge"},"content":{"rendered":"\t\t<div data-elementor-type=\"wp-post\" data-elementor-id=\"1638\" class=\"elementor elementor-1638 elementor-669\" data-elementor-post-type=\"post\">\n\t\t\t\t<div class=\"elementor-element elementor-element-7549d5e e-ecs-flex e-flex e-con-boxed e-con e-parent\" data-id=\"7549d5e\" data-element_type=\"container\" data-e-type=\"container\" data-settings=\"{&quot;ecs_container_type&quot;:&quot;flex&quot;}\">\n\t\t\t\t\t<div class=\"e-con-inner\">\n\t\t\t\t<div class=\"elementor-element elementor-element-14a7884 elementor-widget elementor-widget-text-editor\" data-id=\"14a7884\" data-element_type=\"widget\" data-e-type=\"widget\" data-widget_type=\"text-editor.default\">\n\t\t\t\t<div class=\"elementor-widget-container\">\n\t\t\t\t\t\t\t\t\t<p>Wenn du im Wallis wohnhaft bist und im laufenden Jahr deinen 14. Geburtstag feierst, kannst du dich f\u00fcr diese Pr\u00fcfungen anmelden. Diese finden nur einmal pro Jahr und pro Schulzentrum statt. <\/p>\n\t\t\t\t\t\t\t\t<\/div>\n\t\t\t\t<\/div>\n\t\t\t\t\t<\/div>\n\t\t\t\t<\/div>\n\t\t<div class=\"elementor-element elementor-element-6085518d e-ecs-flex e-flex e-con-boxed e-con e-parent\" data-id=\"6085518d\" data-element_type=\"container\" data-e-type=\"container\" data-settings=\"{&quot;ecs_container_type&quot;:&quot;flex&quot;}\">\n\t\t\t\t\t<div class=\"e-con-inner\">\n\t\t\t\t<div class=\"elementor-element elementor-element-69a0d1d6 e-n-tabs-mobile elementor-widget elementor-widget-n-tabs\" data-id=\"69a0d1d6\" data-element_type=\"widget\" data-e-type=\"widget\" data-settings=\"{&quot;tabs_justify_horizontal&quot;:&quot;stretch&quot;,&quot;horizontal_scroll&quot;:&quot;disable&quot;}\" data-widget_type=\"nested-tabs.default\">\n\t\t\t\t<div class=\"elementor-widget-container\">\n\t\t\t\t\t\t\t<div class=\"e-n-tabs\" data-widget-number=\"1772147158\" aria-label=\"Tabs. Open items with Enter or Space, close with Escape and navigate using the Arrow keys.\">\n\t\t\t<div class=\"e-n-tabs-heading\" role=\"tablist\">\n\t\t\t\t\t<button id=\"e-n-tab-title-17721471581\" data-tab-title-id=\"e-n-tab-title-17721471581\" class=\"e-n-tab-title\" aria-selected=\"true\" data-tab-index=\"1\" role=\"tab\" tabindex=\"0\" aria-controls=\"e-n-tab-content-17721471581\" style=\"--n-tabs-title-order: 1;\">\n\t\t\t\t\t\t<span class=\"e-n-tab-title-text\">\n\t\t\t\tAntrag auf einen F\u00fchrerschein\t\t\t<\/span>\n\t\t<\/button>\n\t\t\t\t<button id=\"e-n-tab-title-17721471582\" data-tab-title-id=\"e-n-tab-title-17721471582\" class=\"e-n-tab-title\" aria-selected=\"false\" data-tab-index=\"2\" role=\"tab\" tabindex=\"-1\" aria-controls=\"e-n-tab-content-17721471582\" style=\"--n-tabs-title-order: 2;\">\n\t\t\t\t\t\t<span class=\"e-n-tab-title-text\">\n\t\t\t\tNach der Pr\u00fcfung\t\t\t<\/span>\n\t\t<\/button>\n\t\t\t\t\t<\/div>\n\t\t\t<div class=\"e-n-tabs-content\">\n\t\t\t\t<div id=\"e-n-tab-content-17721471581\" role=\"tabpanel\" aria-labelledby=\"e-n-tab-title-17721471581\" data-tab-index=\"1\" style=\"--n-tabs-title-order: 1;\" class=\"e-active elementor-element elementor-element-3faa039f e-con-full e-ecs-flex e-flex e-con e-parent\" data-id=\"3faa039f\" data-element_type=\"container\" data-e-type=\"container\" data-settings=\"{&quot;background_background&quot;:&quot;classic&quot;,&quot;ecs_container_type&quot;:&quot;flex&quot;}\">\n\t\t<div class=\"elementor-element elementor-element-5e1375f0 e-con-full e-ecs-flex e-flex e-con e-parent\" data-id=\"5e1375f0\" data-element_type=\"container\" data-e-type=\"container\" data-settings=\"{&quot;ecs_container_type&quot;:&quot;flex&quot;}\">\n\t\t\t\t<div class=\"elementor-element elementor-element-921f665 elementor-widget elementor-widget-heading\" data-id=\"921f665\" data-element_type=\"widget\" data-e-type=\"widget\" data-widget_type=\"heading.default\">\n\t\t\t\t<div class=\"elementor-widget-container\">\n\t\t\t\t\t<h2 class=\"elementor-heading-title elementor-size-default\">Formular<\/h2>\t\t\t\t<\/div>\n\t\t\t\t<\/div>\n\t\t\t\t<div class=\"elementor-element elementor-element-3d79f12a elementor-widget elementor-widget-text-editor\" data-id=\"3d79f12a\" data-element_type=\"widget\" data-e-type=\"widget\" data-widget_type=\"text-editor.default\">\n\t\t\t\t<div class=\"elementor-widget-container\">\n\t\t\t\t\t\t\t\t\t<p>Das spezielle Formular &#8222;Antrag auf Erteilung eines F\u00fchrerscheins in Verbindung mit einer Pr\u00fcfung in der Orientierungsstufe&#8220; ist in deinem Schulzentrum erh\u00e4ltlich. Es muss ordnungsgem\u00e4ss ausgef\u00fcllt werden mit: <\/p>\n<ul>\n<li>Dem Sehtest f\u00fcr alle Kategorien;<\/li>\n<li>Der Unterschrift deiner Eltern oder deines gesetzlichen Vertreters;<\/li>\n<li>Dem Namen des Zyklus, in dem die Pr\u00fcfung abgelegt wird.<\/li>\n<\/ul>\n<p>Dieser Antrag muss dann bei der Einwohnerkontrolle deiner Wohngemeinde eingereicht werden, die ihn direkt an die Dienststelle f\u00fcr Strassenverkehr und Schifffahrt des Kantons Wallis weiterleitet. Anschliessend erh\u00e4ltst du eine blaue Berechtigungskarte von der DSUS zum Preis von CHF 20. Mit dieser Karte kannst du einmalig und ausschliesslich an der Pr\u00fcfung teilnehmen, die in deiner Orientierungsschule stattfindet.  <\/p>\n\t\t\t\t\t\t\t\t<\/div>\n\t\t\t\t<\/div>\n\t\t\t\t<\/div>\n\t\t<div class=\"elementor-element elementor-element-576cfda e-con-full e-ecs-flex e-flex e-con e-parent\" data-id=\"576cfda\" data-element_type=\"container\" data-e-type=\"container\" data-settings=\"{&quot;ecs_container_type&quot;:&quot;flex&quot;}\">\n\t\t\t\t<div class=\"elementor-element elementor-element-cf6dc56 elementor-widget elementor-widget-heading\" data-id=\"cf6dc56\" data-element_type=\"widget\" data-e-type=\"widget\" data-widget_type=\"heading.default\">\n\t\t\t\t<div class=\"elementor-widget-container\">\n\t\t\t\t\t<h3 class=\"elementor-heading-title elementor-size-default\">Pr\u00fcfung<\/h3>\t\t\t\t<\/div>\n\t\t\t\t<\/div>\n\t\t\t\t<div class=\"elementor-element elementor-element-3228a17e elementor-widget elementor-widget-text-editor\" data-id=\"3228a17e\" data-element_type=\"widget\" data-e-type=\"widget\" data-widget_type=\"text-editor.default\">\n\t\t\t\t<div class=\"elementor-widget-container\">\n\t\t\t\t\t\t\t\t\t<p>Der Preis f\u00fcr die Pr\u00fcfung ist auf CHF 30 festgelegt. Die Karte des Vorjahres oder eine gelbe Berechtigungskarte (die nur f\u00fcr Pr\u00fcfungen an der DSUS ausgestellt wird) ist f\u00fcr eine Pr\u00fcfung im schulischen Rahmen nicht zul\u00e4ssig. Die Verl\u00e4ngerung einer blauen Berechtigungskarte ist kostenlos und f\u00fcr die Dauer des laufenden Schuljahres m\u00f6glich.  <\/p>\n\t\t\t\t\t\t\t\t<\/div>\n\t\t\t\t<\/div>\n\t\t\t\t<div class=\"elementor-element elementor-element-288bbc5 elementor-widget elementor-widget-button\" data-id=\"288bbc5\" data-element_type=\"widget\" data-e-type=\"widget\" data-widget_type=\"button.default\">\n\t\t\t\t<div class=\"elementor-widget-container\">\n\t\t\t\t\t\t\t\t\t<div class=\"elementor-button-wrapper\">\n\t\t\t\t\t<a class=\"elementor-button elementor-button-link elementor-size-sm\" href=\"https:\/\/www.vs.ch\/de\/web\/scn\/examen-cyclomoteur-dans-les-cycles-d-orientation\" target=\"_blank\" rel=\"nofollow\">\n\t\t\t\t\t\t<span class=\"elementor-button-content-wrapper\">\n\t\t\t\t\t\t<span class=\"elementor-button-icon\">\n\t\t\t\t<svg xmlns=\"http:\/\/www.w3.org\/2000\/svg\" xmlns:xlink=\"http:\/\/www.w3.org\/1999\/xlink\" id=\"Calque_1\" x=\"0px\" y=\"0px\" viewBox=\"0 0 512 512\" style=\"enable-background:new 0 0 512 512;\" xml:space=\"preserve\"><path d=\"M383.8,256.4c0,14.2-11.5,25.6-25.6,25.6h-76.9v76.9c0,14.2-11.5,25.6-25.6,25.6c-14.2,0-25.6-11.5-25.6-25.6V282H153 c-14.2,0-25.6-11.5-25.6-25.6c0-14.2,11.5-25.6,25.6-25.6h76.9v-76.9c0-14.2,11.5-25.6,25.6-25.6c14.2,0,25.6,11.5,25.6,25.6v76.9 h76.9C372.3,230.7,383.8,242.2,383.8,256.4z M511.9,256.4c0,141.4-115,256.4-256.4,256.4c-141.4,0-256.4-115-256.4-256.4 C-0.8,115,114.2,0,255.6,0C396.9,0,511.9,115,511.9,256.4z M473.5,256.4c0-120.2-97.8-217.9-217.9-217.9S37.7,136.2,37.7,256.4 s97.8,217.9,217.9,217.9S473.5,376.5,473.5,256.4z\"><\/path><\/svg>\t\t\t<\/span>\n\t\t\t\t\t\t\t\t\t<span class=\"elementor-button-text\">Dienststelle f\u00fcr Strassenverkehr und Schifffahrt<\/span>\n\t\t\t\t\t<\/span>\n\t\t\t\t\t<\/a>\n\t\t\t\t<\/div>\n\t\t\t\t\t\t\t\t<\/div>\n\t\t\t\t<\/div>\n\t\t\t\t<\/div>\n\t\t\t\t<\/div>\n\t\t<div id=\"e-n-tab-content-17721471582\" role=\"tabpanel\" aria-labelledby=\"e-n-tab-title-17721471582\" data-tab-index=\"2\" style=\"--n-tabs-title-order: 2;\" class=\" elementor-element elementor-element-3ba82b20 e-con-full e-ecs-flex e-flex e-con e-parent\" data-id=\"3ba82b20\" data-element_type=\"container\" data-e-type=\"container\" data-settings=\"{&quot;background_background&quot;:&quot;classic&quot;,&quot;ecs_container_type&quot;:&quot;flex&quot;}\">\n\t\t<div class=\"elementor-element elementor-element-a73b25b e-con-full e-ecs-flex e-flex e-con e-parent\" data-id=\"a73b25b\" data-element_type=\"container\" data-e-type=\"container\" data-settings=\"{&quot;ecs_container_type&quot;:&quot;flex&quot;}\">\n\t\t\t\t<div class=\"elementor-element elementor-element-5ebebbf4 elementor-widget elementor-widget-text-editor\" data-id=\"5ebebbf4\" data-element_type=\"widget\" data-e-type=\"widget\" data-widget_type=\"text-editor.default\">\n\t\t\t\t<div class=\"elementor-widget-container\">\n\t\t\t\t\t\t\t\t\t<p>Wenn du die Pr\u00fcfung bestanden hast, kannst du:<\/p>\n<ul>\n<li>Wenn du die Pr\u00fcfung bestanden hast, best\u00e4tige deine Adresse auf der Berechtigungskarte und sende sie eine Woche vor deinem vollendeten 14. Lebensjahr an die Dienststelle f\u00fcr Strassenverkehr und Schifffahrt deiner Region (Sitten &#8211; St-Maurice &#8211; Visp). Die Geb\u00fchr f\u00fcr den Erwerb des F\u00fchrerscheins betr\u00e4gt f\u00fcr alle Kategorien CHF 53. <\/li>\n<li>Wenn du die Pr\u00fcfung nicht bestehst, stelle bei der DSUS einen Antrag auf eine neue Pr\u00fcfung (siehe Schritte zum Erhalt eines Sch\u00fclerausweises) oder melde dich im Rahmen der Schule f\u00fcr das n\u00e4chste Schuljahr an.<\/li>\n<\/ul>\n<p><span style=\"font-weight: 400;\"><br \/>Eine blaue Karte ist f\u00fcr die Pr\u00fcfung bei der Dienststelle f\u00fcr Strassenverkehr und Schifffahrt nicht zul\u00e4ssig. In diesem Fall ist eine gelbe Karte erforderlich. <\/span><\/p>\n<p><span style=\"font-weight: 400;\">Es werden nur Antr\u00e4ge angenommen, die vor dem 31.12. des laufenden Jahres gestellt werden. <\/span><span style=\"font-weight: 400;\">Der Pr\u00fcfungstermin wird dir von der Schule oder der Stadtpolizei in deiner Region mitgeteilt.<\/span><\/p>\n<p><span style=\"font-weight: 400;\">Die Pr\u00fcfungen in den Schulen k\u00f6nnen vor Vollendung des 14. Lebensjahres abgelegt werden. Diese Ausnahme gilt nicht f\u00fcr Pr\u00fcfungen an der DSUS. <\/span><\/p>\n\t\t\t\t\t\t\t\t<\/div>\n\t\t\t\t<\/div>\n\t\t\t\t<\/div>\n\t\t<div class=\"elementor-element elementor-element-3e28c556 e-con-full e-ecs-flex e-flex e-con e-parent\" data-id=\"3e28c556\" data-element_type=\"container\" data-e-type=\"container\" data-settings=\"{&quot;ecs_container_type&quot;:&quot;flex&quot;}\">\n\t\t\t\t<div class=\"elementor-element elementor-element-af2cac7 elementor-widget elementor-widget-button\" data-id=\"af2cac7\" data-element_type=\"widget\" data-e-type=\"widget\" data-widget_type=\"button.default\">\n\t\t\t\t<div class=\"elementor-widget-container\">\n\t\t\t\t\t\t\t\t\t<div class=\"elementor-button-wrapper\">\n\t\t\t\t\t<a class=\"elementor-button elementor-button-link elementor-size-sm\" href=\"https:\/\/www.vs.ch\/de\/web\/scn\/examen-cyclomoteur-dans-les-cycles-d-orientation\" target=\"_blank\" rel=\"nofollow\">\n\t\t\t\t\t\t<span class=\"elementor-button-content-wrapper\">\n\t\t\t\t\t\t<span class=\"elementor-button-icon\">\n\t\t\t\t<svg xmlns=\"http:\/\/www.w3.org\/2000\/svg\" xmlns:xlink=\"http:\/\/www.w3.org\/1999\/xlink\" id=\"Calque_1\" x=\"0px\" y=\"0px\" viewBox=\"0 0 512 512\" style=\"enable-background:new 0 0 512 512;\" xml:space=\"preserve\"><path d=\"M383.8,256.4c0,14.2-11.5,25.6-25.6,25.6h-76.9v76.9c0,14.2-11.5,25.6-25.6,25.6c-14.2,0-25.6-11.5-25.6-25.6V282H153 c-14.2,0-25.6-11.5-25.6-25.6c0-14.2,11.5-25.6,25.6-25.6h76.9v-76.9c0-14.2,11.5-25.6,25.6-25.6c14.2,0,25.6,11.5,25.6,25.6v76.9 h76.9C372.3,230.7,383.8,242.2,383.8,256.4z M511.9,256.4c0,141.4-115,256.4-256.4,256.4c-141.4,0-256.4-115-256.4-256.4 C-0.8,115,114.2,0,255.6,0C396.9,0,511.9,115,511.9,256.4z M473.5,256.4c0-120.2-97.8-217.9-217.9-217.9S37.7,136.2,37.7,256.4 s97.8,217.9,217.9,217.9S473.5,376.5,473.5,256.4z\"><\/path><\/svg>\t\t\t<\/span>\n\t\t\t\t\t\t\t\t\t<span class=\"elementor-button-text\">Dienststelle f\u00fcr Strassenverkehr und Schifffahrt<\/span>\n\t\t\t\t\t<\/span>\n\t\t\t\t\t<\/a>\n\t\t\t\t<\/div>\n\t\t\t\t\t\t\t\t<\/div>\n\t\t\t\t<\/div>\n\t\t\t\t<\/div>\n\t\t\t\t<\/div>\n\t\t\t\t\t<\/div>\n\t\t<\/div>\n\t\t\t\t\t\t<\/div>\n\t\t\t\t<\/div>\n\t\t\t\t\t<\/div>\n\t\t\t\t<\/div>\n\t\t\t\t<\/div>\n\t\t","protected":false},"excerpt":{"rendered":"<p>Wenn du im Wallis wohnhaft bist und im laufenden Jahr deinen 14. Geburtstag feierst, kannst du dich f\u00fcr diese Pr\u00fcfungen anmelden. Diese finden nur einmal pro Jahr und pro Schulzentrum statt. Antrag auf einen F\u00fchrerschein Nach der Pr\u00fcfung Antrag auf einen F\u00fchrerschein Formular Das spezielle Formular &#8222;Antrag auf Erteilung eines F\u00fchrerscheins in Verbindung mit einer [&hellip;]<\/p>\n","protected":false},"author":1,"featured_media":0,"comment_status":"open","ping_status":"open","sticky":false,"template":"","format":"standard","meta":{"_acf_changed":false,"footnotes":""},"categories":[47],"tags":[],"class_list":["post-1638","post","type-post","status-publish","format-standard","hentry","category-mobilitaet-und-strassenverkehr"],"acf":[],"yoast_head":"<!-- This site is optimized with the Yoast SEO plugin v27.5 - https:\/\/yoast.com\/product\/yoast-seo-wordpress\/ -->\n<title>Mofa- und\/oder F\u00fchrerschein f\u00fcr landwirtschaftliche Fahrzeuge | Reglo.ch<\/title>\n<meta name=\"robots\" content=\"index, follow, max-snippet:-1, max-image-preview:large, max-video-preview:-1\" \/>\n<link rel=\"canonical\" href=\"https:\/\/reglo.ch\/de\/mobilitaet-und-strassenverkehr\/mofa-und-oder-fuehrerschein-fuer-landwirtschaftliche-fahrzeuge\/\" \/>\n<meta property=\"og:locale\" content=\"de_DE\" \/>\n<meta property=\"og:type\" content=\"article\" \/>\n<meta property=\"og:title\" content=\"Mofa- und\/oder F\u00fchrerschein f\u00fcr landwirtschaftliche Fahrzeuge | Reglo.ch\" \/>\n<meta property=\"og:description\" content=\"Wenn du im Wallis wohnhaft bist und im laufenden Jahr deinen 14. Geburtstag feierst, kannst du dich f\u00fcr diese Pr\u00fcfungen anmelden. Diese finden nur einmal pro Jahr und pro Schulzentrum statt. Antrag auf einen F\u00fchrerschein Nach der Pr\u00fcfung Antrag auf einen F\u00fchrerschein Formular Das spezielle Formular &#8222;Antrag auf Erteilung eines F\u00fchrerscheins in Verbindung mit einer [&hellip;]\" \/>\n<meta property=\"og:url\" content=\"https:\/\/reglo.ch\/de\/mobilitaet-und-strassenverkehr\/mofa-und-oder-fuehrerschein-fuer-landwirtschaftliche-fahrzeuge\/\" \/>\n<meta property=\"og:site_name\" content=\"Reglo.ch\" \/>\n<meta property=\"article:published_time\" content=\"2023-06-26T15:07:27+00:00\" \/>\n<meta property=\"article:modified_time\" content=\"2023-08-28T16:22:12+00:00\" \/>\n<meta property=\"og:image\" content=\"https:\/\/reglo.ch\/wp-content\/uploads\/2023\/06\/reglo-main.jpg\" \/>\n\t<meta property=\"og:image:width\" content=\"2560\" \/>\n\t<meta property=\"og:image:height\" content=\"1440\" \/>\n\t<meta property=\"og:image:type\" content=\"image\/jpeg\" \/>\n<meta name=\"author\" content=\"admin-copilote\" \/>\n<meta name=\"twitter:card\" content=\"summary_large_image\" \/>\n<meta name=\"twitter:label1\" content=\"Verfasst von\" \/>\n\t<meta name=\"twitter:data1\" content=\"admin-copilote\" \/>\n\t<meta name=\"twitter:label2\" content=\"Gesch\u00e4tzte Lesezeit\" \/>\n\t<meta name=\"twitter:data2\" content=\"4\u00a0Minuten\" \/>\n<script type=\"application\/ld+json\" class=\"yoast-schema-graph\">{\"@context\":\"https:\\\/\\\/schema.org\",\"@graph\":[{\"@type\":\"Article\",\"@id\":\"https:\\\/\\\/reglo.ch\\\/de\\\/mobilitaet-und-strassenverkehr\\\/mofa-und-oder-fuehrerschein-fuer-landwirtschaftliche-fahrzeuge\\\/#article\",\"isPartOf\":{\"@id\":\"https:\\\/\\\/reglo.ch\\\/de\\\/mobilitaet-und-strassenverkehr\\\/mofa-und-oder-fuehrerschein-fuer-landwirtschaftliche-fahrzeuge\\\/\"},\"author\":{\"name\":\"admin-copilote\",\"@id\":\"https:\\\/\\\/reglo.ch\\\/de\\\/#\\\/schema\\\/person\\\/e1d61ebcb9096eb149df3b01779bda8e\"},\"headline\":\"Mofa- und\\\/oder F\u00fchrerschein f\u00fcr landwirtschaftliche Fahrzeuge\",\"datePublished\":\"2023-06-26T15:07:27+00:00\",\"dateModified\":\"2023-08-28T16:22:12+00:00\",\"mainEntityOfPage\":{\"@id\":\"https:\\\/\\\/reglo.ch\\\/de\\\/mobilitaet-und-strassenverkehr\\\/mofa-und-oder-fuehrerschein-fuer-landwirtschaftliche-fahrzeuge\\\/\"},\"wordCount\":807,\"commentCount\":0,\"articleSection\":[\"Mobilit\u00e4t und Strassenverkehr\"],\"inLanguage\":\"de\",\"potentialAction\":[{\"@type\":\"CommentAction\",\"name\":\"Comment\",\"target\":[\"https:\\\/\\\/reglo.ch\\\/de\\\/mobilitaet-und-strassenverkehr\\\/mofa-und-oder-fuehrerschein-fuer-landwirtschaftliche-fahrzeuge\\\/#respond\"]}]},{\"@type\":\"WebPage\",\"@id\":\"https:\\\/\\\/reglo.ch\\\/de\\\/mobilitaet-und-strassenverkehr\\\/mofa-und-oder-fuehrerschein-fuer-landwirtschaftliche-fahrzeuge\\\/\",\"url\":\"https:\\\/\\\/reglo.ch\\\/de\\\/mobilitaet-und-strassenverkehr\\\/mofa-und-oder-fuehrerschein-fuer-landwirtschaftliche-fahrzeuge\\\/\",\"name\":\"Mofa- und\\\/oder F\u00fchrerschein f\u00fcr landwirtschaftliche Fahrzeuge | Reglo.ch\",\"isPartOf\":{\"@id\":\"https:\\\/\\\/reglo.ch\\\/de\\\/#website\"},\"datePublished\":\"2023-06-26T15:07:27+00:00\",\"dateModified\":\"2023-08-28T16:22:12+00:00\",\"author\":{\"@id\":\"https:\\\/\\\/reglo.ch\\\/de\\\/#\\\/schema\\\/person\\\/e1d61ebcb9096eb149df3b01779bda8e\"},\"breadcrumb\":{\"@id\":\"https:\\\/\\\/reglo.ch\\\/de\\\/mobilitaet-und-strassenverkehr\\\/mofa-und-oder-fuehrerschein-fuer-landwirtschaftliche-fahrzeuge\\\/#breadcrumb\"},\"inLanguage\":\"de\",\"potentialAction\":[{\"@type\":\"ReadAction\",\"target\":[\"https:\\\/\\\/reglo.ch\\\/de\\\/mobilitaet-und-strassenverkehr\\\/mofa-und-oder-fuehrerschein-fuer-landwirtschaftliche-fahrzeuge\\\/\"]}]},{\"@type\":\"BreadcrumbList\",\"@id\":\"https:\\\/\\\/reglo.ch\\\/de\\\/mobilitaet-und-strassenverkehr\\\/mofa-und-oder-fuehrerschein-fuer-landwirtschaftliche-fahrzeuge\\\/#breadcrumb\",\"itemListElement\":[{\"@type\":\"ListItem\",\"position\":1,\"name\":\"\ud83c\udfe0\",\"item\":\"https:\\\/\\\/reglo.ch\\\/de\\\/\"},{\"@type\":\"ListItem\",\"position\":2,\"name\":\"Mofa- und\\\/oder F\u00fchrerschein f\u00fcr landwirtschaftliche Fahrzeuge\"}]},{\"@type\":\"WebSite\",\"@id\":\"https:\\\/\\\/reglo.ch\\\/de\\\/#website\",\"url\":\"https:\\\/\\\/reglo.ch\\\/de\\\/\",\"name\":\"Reglo.ch\",\"description\":\"Tes droits, tes devoirs\",\"potentialAction\":[{\"@type\":\"SearchAction\",\"target\":{\"@type\":\"EntryPoint\",\"urlTemplate\":\"https:\\\/\\\/reglo.ch\\\/de\\\/?s={search_term_string}\"},\"query-input\":{\"@type\":\"PropertyValueSpecification\",\"valueRequired\":true,\"valueName\":\"search_term_string\"}}],\"inLanguage\":\"de\"},{\"@type\":\"Person\",\"@id\":\"https:\\\/\\\/reglo.ch\\\/de\\\/#\\\/schema\\\/person\\\/e1d61ebcb9096eb149df3b01779bda8e\",\"name\":\"admin-copilote\",\"image\":{\"@type\":\"ImageObject\",\"inLanguage\":\"de\",\"@id\":\"https:\\\/\\\/secure.gravatar.com\\\/avatar\\\/6a3aee293b06c15bb19da24e6b885e51848ce8c54589040899d1f72d3b42dcd1?s=96&d=mm&r=g\",\"url\":\"https:\\\/\\\/secure.gravatar.com\\\/avatar\\\/6a3aee293b06c15bb19da24e6b885e51848ce8c54589040899d1f72d3b42dcd1?s=96&d=mm&r=g\",\"contentUrl\":\"https:\\\/\\\/secure.gravatar.com\\\/avatar\\\/6a3aee293b06c15bb19da24e6b885e51848ce8c54589040899d1f72d3b42dcd1?s=96&d=mm&r=g\",\"caption\":\"admin-copilote\"},\"sameAs\":[\"https:\\\/\\\/reglo.ch\"]}]}<\/script>\n<!-- \/ Yoast SEO plugin. -->","yoast_head_json":{"title":"Mofa- und\/oder F\u00fchrerschein f\u00fcr landwirtschaftliche Fahrzeuge | Reglo.ch","robots":{"index":"index","follow":"follow","max-snippet":"max-snippet:-1","max-image-preview":"max-image-preview:large","max-video-preview":"max-video-preview:-1"},"canonical":"https:\/\/reglo.ch\/de\/mobilitaet-und-strassenverkehr\/mofa-und-oder-fuehrerschein-fuer-landwirtschaftliche-fahrzeuge\/","og_locale":"de_DE","og_type":"article","og_title":"Mofa- und\/oder F\u00fchrerschein f\u00fcr landwirtschaftliche Fahrzeuge | Reglo.ch","og_description":"Wenn du im Wallis wohnhaft bist und im laufenden Jahr deinen 14. Geburtstag feierst, kannst du dich f\u00fcr diese Pr\u00fcfungen anmelden. Diese finden nur einmal pro Jahr und pro Schulzentrum statt. Antrag auf einen F\u00fchrerschein Nach der Pr\u00fcfung Antrag auf einen F\u00fchrerschein Formular Das spezielle Formular &#8222;Antrag auf Erteilung eines F\u00fchrerscheins in Verbindung mit einer [&hellip;]","og_url":"https:\/\/reglo.ch\/de\/mobilitaet-und-strassenverkehr\/mofa-und-oder-fuehrerschein-fuer-landwirtschaftliche-fahrzeuge\/","og_site_name":"Reglo.ch","article_published_time":"2023-06-26T15:07:27+00:00","article_modified_time":"2023-08-28T16:22:12+00:00","og_image":[{"width":2560,"height":1440,"url":"https:\/\/reglo.ch\/wp-content\/uploads\/2023\/06\/reglo-main.jpg","type":"image\/jpeg"}],"author":"admin-copilote","twitter_card":"summary_large_image","twitter_misc":{"Verfasst von":"admin-copilote","Gesch\u00e4tzte Lesezeit":"4\u00a0Minuten"},"schema":{"@context":"https:\/\/schema.org","@graph":[{"@type":"Article","@id":"https:\/\/reglo.ch\/de\/mobilitaet-und-strassenverkehr\/mofa-und-oder-fuehrerschein-fuer-landwirtschaftliche-fahrzeuge\/#article","isPartOf":{"@id":"https:\/\/reglo.ch\/de\/mobilitaet-und-strassenverkehr\/mofa-und-oder-fuehrerschein-fuer-landwirtschaftliche-fahrzeuge\/"},"author":{"name":"admin-copilote","@id":"https:\/\/reglo.ch\/de\/#\/schema\/person\/e1d61ebcb9096eb149df3b01779bda8e"},"headline":"Mofa- und\/oder F\u00fchrerschein f\u00fcr landwirtschaftliche Fahrzeuge","datePublished":"2023-06-26T15:07:27+00:00","dateModified":"2023-08-28T16:22:12+00:00","mainEntityOfPage":{"@id":"https:\/\/reglo.ch\/de\/mobilitaet-und-strassenverkehr\/mofa-und-oder-fuehrerschein-fuer-landwirtschaftliche-fahrzeuge\/"},"wordCount":807,"commentCount":0,"articleSection":["Mobilit\u00e4t und Strassenverkehr"],"inLanguage":"de","potentialAction":[{"@type":"CommentAction","name":"Comment","target":["https:\/\/reglo.ch\/de\/mobilitaet-und-strassenverkehr\/mofa-und-oder-fuehrerschein-fuer-landwirtschaftliche-fahrzeuge\/#respond"]}]},{"@type":"WebPage","@id":"https:\/\/reglo.ch\/de\/mobilitaet-und-strassenverkehr\/mofa-und-oder-fuehrerschein-fuer-landwirtschaftliche-fahrzeuge\/","url":"https:\/\/reglo.ch\/de\/mobilitaet-und-strassenverkehr\/mofa-und-oder-fuehrerschein-fuer-landwirtschaftliche-fahrzeuge\/","name":"Mofa- und\/oder F\u00fchrerschein f\u00fcr landwirtschaftliche Fahrzeuge | Reglo.ch","isPartOf":{"@id":"https:\/\/reglo.ch\/de\/#website"},"datePublished":"2023-06-26T15:07:27+00:00","dateModified":"2023-08-28T16:22:12+00:00","author":{"@id":"https:\/\/reglo.ch\/de\/#\/schema\/person\/e1d61ebcb9096eb149df3b01779bda8e"},"breadcrumb":{"@id":"https:\/\/reglo.ch\/de\/mobilitaet-und-strassenverkehr\/mofa-und-oder-fuehrerschein-fuer-landwirtschaftliche-fahrzeuge\/#breadcrumb"},"inLanguage":"de","potentialAction":[{"@type":"ReadAction","target":["https:\/\/reglo.ch\/de\/mobilitaet-und-strassenverkehr\/mofa-und-oder-fuehrerschein-fuer-landwirtschaftliche-fahrzeuge\/"]}]},{"@type":"BreadcrumbList","@id":"https:\/\/reglo.ch\/de\/mobilitaet-und-strassenverkehr\/mofa-und-oder-fuehrerschein-fuer-landwirtschaftliche-fahrzeuge\/#breadcrumb","itemListElement":[{"@type":"ListItem","position":1,"name":"\ud83c\udfe0","item":"https:\/\/reglo.ch\/de\/"},{"@type":"ListItem","position":2,"name":"Mofa- und\/oder F\u00fchrerschein f\u00fcr landwirtschaftliche Fahrzeuge"}]},{"@type":"WebSite","@id":"https:\/\/reglo.ch\/de\/#website","url":"https:\/\/reglo.ch\/de\/","name":"Reglo.ch","description":"Tes droits, tes devoirs","potentialAction":[{"@type":"SearchAction","target":{"@type":"EntryPoint","urlTemplate":"https:\/\/reglo.ch\/de\/?s={search_term_string}"},"query-input":{"@type":"PropertyValueSpecification","valueRequired":true,"valueName":"search_term_string"}}],"inLanguage":"de"},{"@type":"Person","@id":"https:\/\/reglo.ch\/de\/#\/schema\/person\/e1d61ebcb9096eb149df3b01779bda8e","name":"admin-copilote","image":{"@type":"ImageObject","inLanguage":"de","@id":"https:\/\/secure.gravatar.com\/avatar\/6a3aee293b06c15bb19da24e6b885e51848ce8c54589040899d1f72d3b42dcd1?s=96&d=mm&r=g","url":"https:\/\/secure.gravatar.com\/avatar\/6a3aee293b06c15bb19da24e6b885e51848ce8c54589040899d1f72d3b42dcd1?s=96&d=mm&r=g","contentUrl":"https:\/\/secure.gravatar.com\/avatar\/6a3aee293b06c15bb19da24e6b885e51848ce8c54589040899d1f72d3b42dcd1?s=96&d=mm&r=g","caption":"admin-copilote"},"sameAs":["https:\/\/reglo.ch"]}]}},"_links":{"self":[{"href":"https:\/\/reglo.ch\/de\/wp-json\/wp\/v2\/posts\/1638","targetHints":{"allow":["GET"]}}],"collection":[{"href":"https:\/\/reglo.ch\/de\/wp-json\/wp\/v2\/posts"}],"about":[{"href":"https:\/\/reglo.ch\/de\/wp-json\/wp\/v2\/types\/post"}],"author":[{"embeddable":true,"href":"https:\/\/reglo.ch\/de\/wp-json\/wp\/v2\/users\/1"}],"replies":[{"embeddable":true,"href":"https:\/\/reglo.ch\/de\/wp-json\/wp\/v2\/comments?post=1638"}],"version-history":[{"count":9,"href":"https:\/\/reglo.ch\/de\/wp-json\/wp\/v2\/posts\/1638\/revisions"}],"predecessor-version":[{"id":3109,"href":"https:\/\/reglo.ch\/de\/wp-json\/wp\/v2\/posts\/1638\/revisions\/3109"}],"wp:attachment":[{"href":"https:\/\/reglo.ch\/de\/wp-json\/wp\/v2\/media?parent=1638"}],"wp:term":[{"taxonomy":"category","embeddable":true,"href":"https:\/\/reglo.ch\/de\/wp-json\/wp\/v2\/categories?post=1638"},{"taxonomy":"post_tag","embeddable":true,"href":"https:\/\/reglo.ch\/de\/wp-json\/wp\/v2\/tags?post=1638"}],"curies":[{"name":"wp","href":"https:\/\/api.w.org\/{rel}","templated":true}]}}