{"id":2007,"date":"2023-07-13T15:22:35","date_gmt":"2023-07-13T13:22:35","guid":{"rendered":"https:\/\/reglo.ch\/staatsbuergerschaft-privatsphaere-schutz\/arbeitsvertraege\/"},"modified":"2023-08-18T15:56:25","modified_gmt":"2023-08-18T13:56:25","slug":"arbeitsvertraege","status":"publish","type":"post","link":"https:\/\/reglo.ch\/de\/ausbildung-und-arbeit\/arbeitsvertraege\/","title":{"rendered":"Arbeitsvertr\u00e4ge"},"content":{"rendered":"\t\t<div data-elementor-type=\"wp-post\" data-elementor-id=\"2007\" class=\"elementor elementor-2007 elementor-1772\" data-elementor-post-type=\"post\">\n\t\t\t\t<div class=\"elementor-element elementor-element-6ad7978a e-ecs-flex e-flex e-con-boxed e-con e-parent\" data-id=\"6ad7978a\" data-element_type=\"container\" data-e-type=\"container\" data-settings=\"{&quot;ecs_container_type&quot;:&quot;flex&quot;}\">\n\t\t\t\t\t<div class=\"e-con-inner\">\n\t\t\t\t<div class=\"elementor-element elementor-element-16dc602 elementor-widget elementor-widget-button\" data-id=\"16dc602\" data-element_type=\"widget\" data-e-type=\"widget\" data-widget_type=\"button.default\">\n\t\t\t\t<div class=\"elementor-widget-container\">\n\t\t\t\t\t\t\t\t\t<div class=\"elementor-button-wrapper\">\n\t\t\t\t\t<a class=\"elementor-button elementor-button-link elementor-size-sm\" href=\"https:\/\/www.vs.ch\/de\/web\/spt\" target=\"_blank\" rel=\"nofollow\">\n\t\t\t\t\t\t<span class=\"elementor-button-content-wrapper\">\n\t\t\t\t\t\t<span class=\"elementor-button-icon\">\n\t\t\t\t<svg xmlns=\"http:\/\/www.w3.org\/2000\/svg\" xmlns:xlink=\"http:\/\/www.w3.org\/1999\/xlink\" id=\"Calque_1\" x=\"0px\" y=\"0px\" viewBox=\"0 0 512 512\" style=\"enable-background:new 0 0 512 512;\" xml:space=\"preserve\"><path d=\"M383.8,256.4c0,14.2-11.5,25.6-25.6,25.6h-76.9v76.9c0,14.2-11.5,25.6-25.6,25.6c-14.2,0-25.6-11.5-25.6-25.6V282H153 c-14.2,0-25.6-11.5-25.6-25.6c0-14.2,11.5-25.6,25.6-25.6h76.9v-76.9c0-14.2,11.5-25.6,25.6-25.6c14.2,0,25.6,11.5,25.6,25.6v76.9 h76.9C372.3,230.7,383.8,242.2,383.8,256.4z M511.9,256.4c0,141.4-115,256.4-256.4,256.4c-141.4,0-256.4-115-256.4-256.4 C-0.8,115,114.2,0,255.6,0C396.9,0,511.9,115,511.9,256.4z M473.5,256.4c0-120.2-97.8-217.9-217.9-217.9S37.7,136.2,37.7,256.4 s97.8,217.9,217.9,217.9S473.5,376.5,473.5,256.4z\"><\/path><\/svg>\t\t\t<\/span>\n\t\t\t\t\t\t\t\t\t<span class=\"elementor-button-text\">Dienststelle f\u00fcr Arbeitnehmerschutz und Arbeitsverh\u00e4ltnisse - Kontakt<\/span>\n\t\t\t\t\t<\/span>\n\t\t\t\t\t<\/a>\n\t\t\t\t<\/div>\n\t\t\t\t\t\t\t\t<\/div>\n\t\t\t\t<\/div>\n\t\t\t\t\t<\/div>\n\t\t\t\t<\/div>\n\t\t<div class=\"elementor-element elementor-element-1b975985 e-ecs-flex e-flex e-con-boxed e-con e-parent\" data-id=\"1b975985\" data-element_type=\"container\" data-e-type=\"container\" data-settings=\"{&quot;ecs_container_type&quot;:&quot;flex&quot;}\">\n\t\t\t\t\t<div class=\"e-con-inner\">\n\t\t\t\t<div class=\"elementor-element elementor-element-267525af e-n-tabs-mobile elementor-widget elementor-widget-n-tabs\" data-id=\"267525af\" data-element_type=\"widget\" data-e-type=\"widget\" data-settings=\"{&quot;tabs_justify_horizontal&quot;:&quot;stretch&quot;,&quot;horizontal_scroll&quot;:&quot;disable&quot;}\" data-widget_type=\"nested-tabs.default\">\n\t\t\t\t<div class=\"elementor-widget-container\">\n\t\t\t\t\t\t\t<div class=\"e-n-tabs\" data-widget-number=\"645211567\" aria-label=\"Tabs. Open items with Enter or Space, close with Escape and navigate using the Arrow keys.\">\n\t\t\t<div class=\"e-n-tabs-heading\" role=\"tablist\">\n\t\t\t\t\t<button id=\"e-n-tab-title-6452115671\" data-tab-title-id=\"e-n-tab-title-6452115671\" class=\"e-n-tab-title\" aria-selected=\"true\" data-tab-index=\"1\" role=\"tab\" tabindex=\"0\" aria-controls=\"e-n-tab-content-6452115671\" style=\"--n-tabs-title-order: 1;\">\n\t\t\t\t\t\t<span class=\"e-n-tab-title-text\">\n\t\t\t\tUnbefristeter Arbeitsvertrag\t\t\t<\/span>\n\t\t<\/button>\n\t\t\t\t<button id=\"e-n-tab-title-6452115672\" data-tab-title-id=\"e-n-tab-title-6452115672\" class=\"e-n-tab-title\" aria-selected=\"false\" data-tab-index=\"2\" role=\"tab\" tabindex=\"-1\" aria-controls=\"e-n-tab-content-6452115672\" style=\"--n-tabs-title-order: 2;\">\n\t\t\t\t\t\t<span class=\"e-n-tab-title-text\">\n\t\t\t\tBefristeter Vertrag\t\t\t<\/span>\n\t\t<\/button>\n\t\t\t\t<button id=\"e-n-tab-title-6452115673\" data-tab-title-id=\"e-n-tab-title-6452115673\" class=\"e-n-tab-title\" aria-selected=\"false\" data-tab-index=\"3\" role=\"tab\" tabindex=\"-1\" aria-controls=\"e-n-tab-content-6452115673\" style=\"--n-tabs-title-order: 3;\">\n\t\t\t\t\t\t<span class=\"e-n-tab-title-text\">\n\t\t\t\tAusbildungsvertrag\t\t\t<\/span>\n\t\t<\/button>\n\t\t\t\t\t<\/div>\n\t\t\t<div class=\"e-n-tabs-content\">\n\t\t\t\t<div id=\"e-n-tab-content-6452115671\" role=\"tabpanel\" aria-labelledby=\"e-n-tab-title-6452115671\" data-tab-index=\"1\" style=\"--n-tabs-title-order: 1;\" class=\"e-active elementor-element elementor-element-1fd949a2 e-con-full e-ecs-flex e-flex e-con e-parent\" data-id=\"1fd949a2\" data-element_type=\"container\" data-e-type=\"container\" data-settings=\"{&quot;background_background&quot;:&quot;classic&quot;,&quot;ecs_container_type&quot;:&quot;flex&quot;}\">\n\t\t<div class=\"elementor-element elementor-element-2cd59dbc e-con-full e-ecs-flex e-flex e-con e-parent\" data-id=\"2cd59dbc\" data-element_type=\"container\" data-e-type=\"container\" data-settings=\"{&quot;ecs_container_type&quot;:&quot;flex&quot;}\">\n\t\t\t\t<div class=\"elementor-element elementor-element-357ea3d elementor-widget elementor-widget-text-editor\" data-id=\"357ea3d\" data-element_type=\"widget\" data-e-type=\"widget\" data-widget_type=\"text-editor.default\">\n\t\t\t\t<div class=\"elementor-widget-container\">\n\t\t\t\t\t\t\t\t\t<p>Es handelt sich um einen <strong>normalen Arbeitsvertrag,<\/strong> der im Prinzip durch den Arbeitnehmer oder den Arbeitgeber nur unter Einhaltung von K\u00fcndigungsfristen (Art. 335 ff. OR) gek\u00fcndigt werden kann (1 Monat im ersten Dienstjahr, dann 2 Monate vom zweiten bis zum neunten Dienstjahr). Ein unbefristeter Vertrag kann z. B. am Ende einer Lehre abgeschlossen werden. <\/p>\n\t\t\t\t\t\t\t\t<\/div>\n\t\t\t\t<\/div>\n\t\t\t\t<\/div>\n\t\t\t\t<\/div>\n\t\t<div id=\"e-n-tab-content-6452115672\" role=\"tabpanel\" aria-labelledby=\"e-n-tab-title-6452115672\" data-tab-index=\"2\" style=\"--n-tabs-title-order: 2;\" class=\" elementor-element elementor-element-683ef0c1 e-con-full e-ecs-flex e-flex e-con e-parent\" data-id=\"683ef0c1\" data-element_type=\"container\" data-e-type=\"container\" data-settings=\"{&quot;background_background&quot;:&quot;classic&quot;,&quot;ecs_container_type&quot;:&quot;flex&quot;}\">\n\t\t<div class=\"elementor-element elementor-element-75a83ab2 e-con-full e-ecs-flex e-flex e-con e-parent\" data-id=\"75a83ab2\" data-element_type=\"container\" data-e-type=\"container\" data-settings=\"{&quot;ecs_container_type&quot;:&quot;flex&quot;}\">\n\t\t\t\t<div class=\"elementor-element elementor-element-6ec74aa6 elementor-widget elementor-widget-text-editor\" data-id=\"6ec74aa6\" data-element_type=\"widget\" data-e-type=\"widget\" data-widget_type=\"text-editor.default\">\n\t\t\t\t<div class=\"elementor-widget-container\">\n\t\t\t\t\t\t\t\t\t<p>Er kann grunds\u00e4tzlich nicht ohne eine gemeinsame Vereinbarung gek\u00fcndigt werden, ausser bei grobem Fehlverhalten (z. B. Diebstahl aus der Kasse) oder w\u00e4hrend der vereinbarten Probezeit. Befristete Vertr\u00e4ge werden vor allem f\u00fcr Praktika und Anstellungen im Sommer verwendet. Sie enden am Ende der vereinbarten Dauer, ohne dass sie gek\u00fcndigt werden m\u00fcssen.  <\/p>\n\t\t\t\t\t\t\t\t<\/div>\n\t\t\t\t<\/div>\n\t\t\t\t<\/div>\n\t\t\t\t<\/div>\n\t\t<div id=\"e-n-tab-content-6452115673\" role=\"tabpanel\" aria-labelledby=\"e-n-tab-title-6452115673\" data-tab-index=\"3\" style=\"--n-tabs-title-order: 3;\" class=\" elementor-element elementor-element-66853dba e-con-full e-ecs-flex e-flex e-con e-parent\" data-id=\"66853dba\" data-element_type=\"container\" data-e-type=\"container\" data-settings=\"{&quot;background_background&quot;:&quot;classic&quot;,&quot;ecs_container_type&quot;:&quot;flex&quot;}\">\n\t\t<div class=\"elementor-element elementor-element-7edaee6d e-con-full e-ecs-flex e-flex e-con e-parent\" data-id=\"7edaee6d\" data-element_type=\"container\" data-e-type=\"container\" data-settings=\"{&quot;ecs_container_type&quot;:&quot;flex&quot;}\">\n\t\t\t\t<div class=\"elementor-element elementor-element-5c2ad94f elementor-widget elementor-widget-text-editor\" data-id=\"5c2ad94f\" data-element_type=\"widget\" data-e-type=\"widget\" data-widget_type=\"text-editor.default\">\n\t\t\t\t<div class=\"elementor-widget-container\">\n\t\t\t\t\t\t\t\t\t<p>Gilt als befristeter Vertrag und ist eine zeitlich begrenzte Zeit im beruflichen Umfeld, in der der Arbeitgeber eine Ausbildungs- oder Einarbeitungsleistung anbietet, <strong>ohne dass der Praktikant eine echte Gegenleistung erbringen muss<\/strong> (keine Notwendigkeit, eine Leistung zu erbringen). Der Praktikant nimmt keinen Arbeitsplatz ein. Seine Abwesenheit hat keine Auswirkungen auf das ordnungsgem\u00e4sse Funktionieren der Einrichtung, die ihn aufnimmt, und seine T\u00e4tigkeit dient nicht dazu, die Abwesenheit eines Mitarbeiters zu \u00fcberbr\u00fccken oder eine regelm\u00e4ssige Aufgabe auszuf\u00fchren, die einem st\u00e4ndigen Arbeitsplatz entspricht. Ein Praktikum gibt Anspruch auf Lohn, es sei denn, es handelt sich um ein Orientierungspraktikum (Dauer maximal zwei Wochen), um einen Beruf kennenzulernen.<\/p>\n\t\t\t\t\t\t\t\t<\/div>\n\t\t\t\t<\/div>\n\t\t\t\t<\/div>\n\t\t\t\t<\/div>\n\t\t\t\t\t<\/div>\n\t\t<\/div>\n\t\t\t\t\t\t<\/div>\n\t\t\t\t<\/div>\n\t\t\t\t\t<\/div>\n\t\t\t\t<\/div>\n\t\t<div class=\"elementor-element elementor-element-57d379b e-ecs-flex e-flex e-con-boxed e-con e-parent\" data-id=\"57d379b\" data-element_type=\"container\" data-e-type=\"container\" data-settings=\"{&quot;ecs_container_type&quot;:&quot;flex&quot;}\">\n\t\t\t\t\t<div class=\"e-con-inner\">\n\t\t<div class=\"elementor-element elementor-element-445f21b7 bloc-contexte e-ecs-flex e-flex e-con-boxed e-con e-parent\" data-id=\"445f21b7\" data-element_type=\"container\" data-e-type=\"container\" data-settings=\"{&quot;background_background&quot;:&quot;classic&quot;,&quot;ecs_container_type&quot;:&quot;flex&quot;}\">\n\t\t\t\t\t<div class=\"e-con-inner\">\n\t\t\t\t<div class=\"elementor-element elementor-element-3818e030 elementor-widget elementor-widget-heading\" data-id=\"3818e030\" data-element_type=\"widget\" data-e-type=\"widget\" data-widget_type=\"heading.default\">\n\t\t\t\t<div class=\"elementor-widget-container\">\n\t\t\t\t\t<h2 class=\"elementor-heading-title elementor-size-default\">\ud83d\udcc4 Vorlehrvertrag<\/h2>\t\t\t\t<\/div>\n\t\t\t\t<\/div>\n\t\t\t\t<div class=\"elementor-element elementor-element-229c0807 elementor-widget elementor-widget-text-editor\" data-id=\"229c0807\" data-element_type=\"widget\" data-e-type=\"widget\" data-widget_type=\"text-editor.default\">\n\t\t\t\t<div class=\"elementor-widget-container\">\n\t\t\t\t\t\t\t\t\t<p><span style=\"font-weight: 400;\">Es handelt sich um einen speziellen Arbeitsvertrag, der Ausbildung und Betreuung durch eine ausgebildete Person einschliesst. Er erm\u00f6glicht es, sich ein Jahr lang mit einem Beruf oder einem Berufsfeld vertraut zu machen, indem man eine Auffrischung der Kenntnisse und Fertigkeiten, auf die man abzielt, erh\u00e4lt. <\/span><\/p>\n\t\t\t\t\t\t\t\t<\/div>\n\t\t\t\t<\/div>\n\t\t\t\t\t<\/div>\n\t\t\t\t<\/div>\n\t\t<div class=\"elementor-element elementor-element-406a3288 bloc-contexte e-ecs-flex e-flex e-con-boxed e-con e-parent\" data-id=\"406a3288\" data-element_type=\"container\" data-e-type=\"container\" data-settings=\"{&quot;background_background&quot;:&quot;classic&quot;,&quot;ecs_container_type&quot;:&quot;flex&quot;}\">\n\t\t\t\t\t<div class=\"e-con-inner\">\n\t\t\t\t<div class=\"elementor-element elementor-element-44c18d4f elementor-widget elementor-widget-heading\" data-id=\"44c18d4f\" data-element_type=\"widget\" data-e-type=\"widget\" data-widget_type=\"heading.default\">\n\t\t\t\t<div class=\"elementor-widget-container\">\n\t\t\t\t\t<h2 class=\"elementor-heading-title elementor-size-default\">\ud83d\udcc4 Lehrvertrag<\/h2>\t\t\t\t<\/div>\n\t\t\t\t<\/div>\n\t\t\t\t<div class=\"elementor-element elementor-element-5cf23edd elementor-widget elementor-widget-text-editor\" data-id=\"5cf23edd\" data-element_type=\"widget\" data-e-type=\"widget\" data-widget_type=\"text-editor.default\">\n\t\t\t\t<div class=\"elementor-widget-container\">\n\t\t\t\t\t\t\t\t\t<p>Es regelt die Beziehung zwischen einem <strong>Arbeitgeber<\/strong>, der sich verpflichtet, eine Person f\u00fcr eine bestimmte berufliche T\u00e4tigkeit auszubilden, und einem <strong>Auszubildenden<\/strong>, der sich verpflichtet, im Dienst des Arbeitgebers zu arbeiten, um diese <strong>Ausbildung zu erwerben<\/strong> (Art. 344 OR).<\/p>\n<p>Die Ausbildung wird sowohl im Betrieb als auch in der Berufsschule durchgef\u00fchrt und f\u00fchrt in der Regel zum Erwerb eines eidgen\u00f6ssischen <strong>F\u00e4higkeitszeugnisses (EFZ)<\/strong> oder eines eidgen\u00f6ssischen Berufsattests (EBA).<\/p>\n<p>Der Lehrvertrag muss <strong>schriftlich abgeschlossen<\/strong> und <strong>vom Lehrling<\/strong> und seinem gesetzlichen Vertreter (Eltern oder Beistand) unterzeichnet werden, wenn er das Alter von 18 Jahren noch nicht erreicht hat. Der Lehrmeister muss \u00fcber eine Ausbildungsbewilligung verf\u00fcgen und der Vertrag <strong>muss von der Dienststelle f\u00fcr Berufsbildung (DB) best\u00e4tigt werden<\/strong>. <\/p>\n<p>Es handelt sich um einen <strong>befristeten Vertrag<\/strong>. Vorbehaltlich einer K\u00fcndigung w\u00e4hrend der Probezeit, die je nach Vertrag zwischen einem und drei Monaten dauert, k\u00f6nnen weder der Arbeitgeber noch der Auszubildende den Ausbildungsvertrag k\u00fcndigen, es sei denn, die Parteien haben sich gemeinsam darauf geeinigt oder es liegt ein wichtiger Grund f\u00fcr die K\u00fcndigung vor. Die Tage des Berufsschulunterrichts gelten als Arbeitstage.  <\/p>\n\t\t\t\t\t\t\t\t<\/div>\n\t\t\t\t<\/div>\n\t\t\t\t\t<\/div>\n\t\t\t\t<\/div>\n\t\t\t\t\t<\/div>\n\t\t\t\t<\/div>\n\t\t\t\t<\/div>\n\t\t","protected":false},"excerpt":{"rendered":"<p>Dienststelle f\u00fcr Arbeitnehmerschutz und Arbeitsverh\u00e4ltnisse &#8211; Kontakt Unbefristeter Arbeitsvertrag Befristeter Vertrag Ausbildungsvertrag Unbefristeter Arbeitsvertrag Es handelt sich um einen normalen Arbeitsvertrag, der im Prinzip durch den Arbeitnehmer oder den Arbeitgeber nur unter Einhaltung von K\u00fcndigungsfristen (Art. 335 ff. OR) gek\u00fcndigt werden kann (1 Monat im ersten Dienstjahr, dann 2 Monate vom zweiten bis zum neunten [&hellip;]<\/p>\n","protected":false},"author":1,"featured_media":0,"comment_status":"open","ping_status":"open","sticky":false,"template":"","format":"standard","meta":{"_acf_changed":false,"footnotes":""},"categories":[49],"tags":[],"class_list":["post-2007","post","type-post","status-publish","format-standard","hentry","category-ausbildung-und-arbeit"],"acf":[],"yoast_head":"<!-- This site is optimized with the Yoast SEO plugin v27.5 - https:\/\/yoast.com\/product\/yoast-seo-wordpress\/ -->\n<title>Arbeitsvertr\u00e4ge | Reglo.ch<\/title>\n<meta name=\"robots\" content=\"index, follow, max-snippet:-1, max-image-preview:large, max-video-preview:-1\" \/>\n<link rel=\"canonical\" href=\"https:\/\/reglo.ch\/de\/ausbildung-und-arbeit\/arbeitsvertraege\/\" \/>\n<meta property=\"og:locale\" content=\"de_DE\" \/>\n<meta property=\"og:type\" content=\"article\" \/>\n<meta property=\"og:title\" content=\"Arbeitsvertr\u00e4ge | Reglo.ch\" \/>\n<meta property=\"og:description\" content=\"Dienststelle f\u00fcr Arbeitnehmerschutz und Arbeitsverh\u00e4ltnisse &#8211; Kontakt Unbefristeter Arbeitsvertrag Befristeter Vertrag Ausbildungsvertrag Unbefristeter Arbeitsvertrag Es handelt sich um einen normalen Arbeitsvertrag, der im Prinzip durch den Arbeitnehmer oder den Arbeitgeber nur unter Einhaltung von K\u00fcndigungsfristen (Art. 335 ff. OR) gek\u00fcndigt werden kann (1 Monat im ersten Dienstjahr, dann 2 Monate vom zweiten bis zum neunten [&hellip;]\" \/>\n<meta property=\"og:url\" content=\"https:\/\/reglo.ch\/de\/ausbildung-und-arbeit\/arbeitsvertraege\/\" \/>\n<meta property=\"og:site_name\" content=\"Reglo.ch\" \/>\n<meta property=\"article:published_time\" content=\"2023-07-13T13:22:35+00:00\" \/>\n<meta property=\"article:modified_time\" content=\"2023-08-18T13:56:25+00:00\" \/>\n<meta property=\"og:image\" content=\"https:\/\/reglo.ch\/wp-content\/uploads\/2023\/06\/reglo-main.jpg\" \/>\n\t<meta property=\"og:image:width\" content=\"2560\" \/>\n\t<meta property=\"og:image:height\" content=\"1440\" \/>\n\t<meta property=\"og:image:type\" content=\"image\/jpeg\" \/>\n<meta name=\"author\" content=\"admin-copilote\" \/>\n<meta name=\"twitter:card\" content=\"summary_large_image\" \/>\n<meta name=\"twitter:label1\" content=\"Verfasst von\" \/>\n\t<meta name=\"twitter:data1\" content=\"admin-copilote\" \/>\n\t<meta name=\"twitter:label2\" content=\"Gesch\u00e4tzte Lesezeit\" \/>\n\t<meta name=\"twitter:data2\" content=\"4\u00a0Minuten\" \/>\n<script type=\"application\/ld+json\" class=\"yoast-schema-graph\">{\"@context\":\"https:\\\/\\\/schema.org\",\"@graph\":[{\"@type\":\"Article\",\"@id\":\"https:\\\/\\\/reglo.ch\\\/de\\\/ausbildung-und-arbeit\\\/arbeitsvertraege\\\/#article\",\"isPartOf\":{\"@id\":\"https:\\\/\\\/reglo.ch\\\/de\\\/ausbildung-und-arbeit\\\/arbeitsvertraege\\\/\"},\"author\":{\"name\":\"admin-copilote\",\"@id\":\"https:\\\/\\\/reglo.ch\\\/de\\\/#\\\/schema\\\/person\\\/e1d61ebcb9096eb149df3b01779bda8e\"},\"headline\":\"Arbeitsvertr\u00e4ge\",\"datePublished\":\"2023-07-13T13:22:35+00:00\",\"dateModified\":\"2023-08-18T13:56:25+00:00\",\"mainEntityOfPage\":{\"@id\":\"https:\\\/\\\/reglo.ch\\\/de\\\/ausbildung-und-arbeit\\\/arbeitsvertraege\\\/\"},\"wordCount\":693,\"commentCount\":0,\"articleSection\":[\"Ausbildung und Arbeit\"],\"inLanguage\":\"de\",\"potentialAction\":[{\"@type\":\"CommentAction\",\"name\":\"Comment\",\"target\":[\"https:\\\/\\\/reglo.ch\\\/de\\\/ausbildung-und-arbeit\\\/arbeitsvertraege\\\/#respond\"]}]},{\"@type\":\"WebPage\",\"@id\":\"https:\\\/\\\/reglo.ch\\\/de\\\/ausbildung-und-arbeit\\\/arbeitsvertraege\\\/\",\"url\":\"https:\\\/\\\/reglo.ch\\\/de\\\/ausbildung-und-arbeit\\\/arbeitsvertraege\\\/\",\"name\":\"Arbeitsvertr\u00e4ge | Reglo.ch\",\"isPartOf\":{\"@id\":\"https:\\\/\\\/reglo.ch\\\/de\\\/#website\"},\"datePublished\":\"2023-07-13T13:22:35+00:00\",\"dateModified\":\"2023-08-18T13:56:25+00:00\",\"author\":{\"@id\":\"https:\\\/\\\/reglo.ch\\\/de\\\/#\\\/schema\\\/person\\\/e1d61ebcb9096eb149df3b01779bda8e\"},\"breadcrumb\":{\"@id\":\"https:\\\/\\\/reglo.ch\\\/de\\\/ausbildung-und-arbeit\\\/arbeitsvertraege\\\/#breadcrumb\"},\"inLanguage\":\"de\",\"potentialAction\":[{\"@type\":\"ReadAction\",\"target\":[\"https:\\\/\\\/reglo.ch\\\/de\\\/ausbildung-und-arbeit\\\/arbeitsvertraege\\\/\"]}]},{\"@type\":\"BreadcrumbList\",\"@id\":\"https:\\\/\\\/reglo.ch\\\/de\\\/ausbildung-und-arbeit\\\/arbeitsvertraege\\\/#breadcrumb\",\"itemListElement\":[{\"@type\":\"ListItem\",\"position\":1,\"name\":\"\ud83c\udfe0\",\"item\":\"https:\\\/\\\/reglo.ch\\\/de\\\/\"},{\"@type\":\"ListItem\",\"position\":2,\"name\":\"Arbeitsvertr\u00e4ge\"}]},{\"@type\":\"WebSite\",\"@id\":\"https:\\\/\\\/reglo.ch\\\/de\\\/#website\",\"url\":\"https:\\\/\\\/reglo.ch\\\/de\\\/\",\"name\":\"Reglo.ch\",\"description\":\"Tes droits, tes devoirs\",\"potentialAction\":[{\"@type\":\"SearchAction\",\"target\":{\"@type\":\"EntryPoint\",\"urlTemplate\":\"https:\\\/\\\/reglo.ch\\\/de\\\/?s={search_term_string}\"},\"query-input\":{\"@type\":\"PropertyValueSpecification\",\"valueRequired\":true,\"valueName\":\"search_term_string\"}}],\"inLanguage\":\"de\"},{\"@type\":\"Person\",\"@id\":\"https:\\\/\\\/reglo.ch\\\/de\\\/#\\\/schema\\\/person\\\/e1d61ebcb9096eb149df3b01779bda8e\",\"name\":\"admin-copilote\",\"image\":{\"@type\":\"ImageObject\",\"inLanguage\":\"de\",\"@id\":\"https:\\\/\\\/secure.gravatar.com\\\/avatar\\\/6a3aee293b06c15bb19da24e6b885e51848ce8c54589040899d1f72d3b42dcd1?s=96&d=mm&r=g\",\"url\":\"https:\\\/\\\/secure.gravatar.com\\\/avatar\\\/6a3aee293b06c15bb19da24e6b885e51848ce8c54589040899d1f72d3b42dcd1?s=96&d=mm&r=g\",\"contentUrl\":\"https:\\\/\\\/secure.gravatar.com\\\/avatar\\\/6a3aee293b06c15bb19da24e6b885e51848ce8c54589040899d1f72d3b42dcd1?s=96&d=mm&r=g\",\"caption\":\"admin-copilote\"},\"sameAs\":[\"https:\\\/\\\/reglo.ch\"]}]}<\/script>\n<!-- \/ Yoast SEO plugin. -->","yoast_head_json":{"title":"Arbeitsvertr\u00e4ge | Reglo.ch","robots":{"index":"index","follow":"follow","max-snippet":"max-snippet:-1","max-image-preview":"max-image-preview:large","max-video-preview":"max-video-preview:-1"},"canonical":"https:\/\/reglo.ch\/de\/ausbildung-und-arbeit\/arbeitsvertraege\/","og_locale":"de_DE","og_type":"article","og_title":"Arbeitsvertr\u00e4ge | Reglo.ch","og_description":"Dienststelle f\u00fcr Arbeitnehmerschutz und Arbeitsverh\u00e4ltnisse &#8211; Kontakt Unbefristeter Arbeitsvertrag Befristeter Vertrag Ausbildungsvertrag Unbefristeter Arbeitsvertrag Es handelt sich um einen normalen Arbeitsvertrag, der im Prinzip durch den Arbeitnehmer oder den Arbeitgeber nur unter Einhaltung von K\u00fcndigungsfristen (Art. 335 ff. OR) gek\u00fcndigt werden kann (1 Monat im ersten Dienstjahr, dann 2 Monate vom zweiten bis zum neunten [&hellip;]","og_url":"https:\/\/reglo.ch\/de\/ausbildung-und-arbeit\/arbeitsvertraege\/","og_site_name":"Reglo.ch","article_published_time":"2023-07-13T13:22:35+00:00","article_modified_time":"2023-08-18T13:56:25+00:00","og_image":[{"width":2560,"height":1440,"url":"https:\/\/reglo.ch\/wp-content\/uploads\/2023\/06\/reglo-main.jpg","type":"image\/jpeg"}],"author":"admin-copilote","twitter_card":"summary_large_image","twitter_misc":{"Verfasst von":"admin-copilote","Gesch\u00e4tzte Lesezeit":"4\u00a0Minuten"},"schema":{"@context":"https:\/\/schema.org","@graph":[{"@type":"Article","@id":"https:\/\/reglo.ch\/de\/ausbildung-und-arbeit\/arbeitsvertraege\/#article","isPartOf":{"@id":"https:\/\/reglo.ch\/de\/ausbildung-und-arbeit\/arbeitsvertraege\/"},"author":{"name":"admin-copilote","@id":"https:\/\/reglo.ch\/de\/#\/schema\/person\/e1d61ebcb9096eb149df3b01779bda8e"},"headline":"Arbeitsvertr\u00e4ge","datePublished":"2023-07-13T13:22:35+00:00","dateModified":"2023-08-18T13:56:25+00:00","mainEntityOfPage":{"@id":"https:\/\/reglo.ch\/de\/ausbildung-und-arbeit\/arbeitsvertraege\/"},"wordCount":693,"commentCount":0,"articleSection":["Ausbildung und Arbeit"],"inLanguage":"de","potentialAction":[{"@type":"CommentAction","name":"Comment","target":["https:\/\/reglo.ch\/de\/ausbildung-und-arbeit\/arbeitsvertraege\/#respond"]}]},{"@type":"WebPage","@id":"https:\/\/reglo.ch\/de\/ausbildung-und-arbeit\/arbeitsvertraege\/","url":"https:\/\/reglo.ch\/de\/ausbildung-und-arbeit\/arbeitsvertraege\/","name":"Arbeitsvertr\u00e4ge | Reglo.ch","isPartOf":{"@id":"https:\/\/reglo.ch\/de\/#website"},"datePublished":"2023-07-13T13:22:35+00:00","dateModified":"2023-08-18T13:56:25+00:00","author":{"@id":"https:\/\/reglo.ch\/de\/#\/schema\/person\/e1d61ebcb9096eb149df3b01779bda8e"},"breadcrumb":{"@id":"https:\/\/reglo.ch\/de\/ausbildung-und-arbeit\/arbeitsvertraege\/#breadcrumb"},"inLanguage":"de","potentialAction":[{"@type":"ReadAction","target":["https:\/\/reglo.ch\/de\/ausbildung-und-arbeit\/arbeitsvertraege\/"]}]},{"@type":"BreadcrumbList","@id":"https:\/\/reglo.ch\/de\/ausbildung-und-arbeit\/arbeitsvertraege\/#breadcrumb","itemListElement":[{"@type":"ListItem","position":1,"name":"\ud83c\udfe0","item":"https:\/\/reglo.ch\/de\/"},{"@type":"ListItem","position":2,"name":"Arbeitsvertr\u00e4ge"}]},{"@type":"WebSite","@id":"https:\/\/reglo.ch\/de\/#website","url":"https:\/\/reglo.ch\/de\/","name":"Reglo.ch","description":"Tes droits, tes devoirs","potentialAction":[{"@type":"SearchAction","target":{"@type":"EntryPoint","urlTemplate":"https:\/\/reglo.ch\/de\/?s={search_term_string}"},"query-input":{"@type":"PropertyValueSpecification","valueRequired":true,"valueName":"search_term_string"}}],"inLanguage":"de"},{"@type":"Person","@id":"https:\/\/reglo.ch\/de\/#\/schema\/person\/e1d61ebcb9096eb149df3b01779bda8e","name":"admin-copilote","image":{"@type":"ImageObject","inLanguage":"de","@id":"https:\/\/secure.gravatar.com\/avatar\/6a3aee293b06c15bb19da24e6b885e51848ce8c54589040899d1f72d3b42dcd1?s=96&d=mm&r=g","url":"https:\/\/secure.gravatar.com\/avatar\/6a3aee293b06c15bb19da24e6b885e51848ce8c54589040899d1f72d3b42dcd1?s=96&d=mm&r=g","contentUrl":"https:\/\/secure.gravatar.com\/avatar\/6a3aee293b06c15bb19da24e6b885e51848ce8c54589040899d1f72d3b42dcd1?s=96&d=mm&r=g","caption":"admin-copilote"},"sameAs":["https:\/\/reglo.ch"]}]}},"_links":{"self":[{"href":"https:\/\/reglo.ch\/de\/wp-json\/wp\/v2\/posts\/2007","targetHints":{"allow":["GET"]}}],"collection":[{"href":"https:\/\/reglo.ch\/de\/wp-json\/wp\/v2\/posts"}],"about":[{"href":"https:\/\/reglo.ch\/de\/wp-json\/wp\/v2\/types\/post"}],"author":[{"embeddable":true,"href":"https:\/\/reglo.ch\/de\/wp-json\/wp\/v2\/users\/1"}],"replies":[{"embeddable":true,"href":"https:\/\/reglo.ch\/de\/wp-json\/wp\/v2\/comments?post=2007"}],"version-history":[{"count":34,"href":"https:\/\/reglo.ch\/de\/wp-json\/wp\/v2\/posts\/2007\/revisions"}],"predecessor-version":[{"id":2786,"href":"https:\/\/reglo.ch\/de\/wp-json\/wp\/v2\/posts\/2007\/revisions\/2786"}],"wp:attachment":[{"href":"https:\/\/reglo.ch\/de\/wp-json\/wp\/v2\/media?parent=2007"}],"wp:term":[{"taxonomy":"category","embeddable":true,"href":"https:\/\/reglo.ch\/de\/wp-json\/wp\/v2\/categories?post=2007"},{"taxonomy":"post_tag","embeddable":true,"href":"https:\/\/reglo.ch\/de\/wp-json\/wp\/v2\/tags?post=2007"}],"curies":[{"name":"wp","href":"https:\/\/api.w.org\/{rel}","templated":true}]}}