{"id":2036,"date":"2023-07-13T15:50:00","date_gmt":"2023-07-13T13:50:00","guid":{"rendered":"https:\/\/reglo.ch\/staatsbuergerschaft-privatsphaere-schutz\/arbeitszeit\/"},"modified":"2023-08-18T10:48:37","modified_gmt":"2023-08-18T08:48:37","slug":"arbeitszeit","status":"publish","type":"post","link":"https:\/\/reglo.ch\/de\/ausbildung-und-arbeit\/arbeitszeit\/","title":{"rendered":"Arbeitszeit"},"content":{"rendered":"\t\t<div data-elementor-type=\"wp-post\" data-elementor-id=\"2036\" class=\"elementor elementor-2036 elementor-213\" data-elementor-post-type=\"post\">\n\t\t\t\t\t\t<section class=\"elementor-section elementor-top-section elementor-element elementor-element-2cc0857e elementor-section-boxed elementor-section-height-default elementor-section-height-default\" data-id=\"2cc0857e\" data-element_type=\"section\" data-e-type=\"section\">\n\t\t\t\t\t\t<div class=\"elementor-container elementor-column-gap-default\">\n\t\t\t\t\t<div class=\"elementor-column elementor-col-100 elementor-top-column elementor-element elementor-element-2685c1bb\" data-id=\"2685c1bb\" data-element_type=\"column\" data-e-type=\"column\">\n\t\t\t<div class=\"elementor-widget-wrap\">\n\t\t\t\t\t\t\t<\/div>\n\t\t<\/div>\n\t\t\t\t\t<\/div>\n\t\t<\/section>\n\t\t<div class=\"elementor-element elementor-element-5e5dfbe e-ecs-flex e-flex e-con-boxed e-con e-parent\" data-id=\"5e5dfbe\" data-element_type=\"container\" data-e-type=\"container\" data-settings=\"{&quot;ecs_container_type&quot;:&quot;flex&quot;}\">\n\t\t\t\t\t<div class=\"e-con-inner\">\n\t\t\t\t<div class=\"elementor-element elementor-element-1c90b61 e-n-tabs-mobile elementor-widget elementor-widget-n-tabs\" data-id=\"1c90b61\" data-element_type=\"widget\" data-e-type=\"widget\" data-settings=\"{&quot;tabs_justify_horizontal&quot;:&quot;stretch&quot;,&quot;horizontal_scroll&quot;:&quot;disable&quot;}\" data-widget_type=\"nested-tabs.default\">\n\t\t\t\t<div class=\"elementor-widget-container\">\n\t\t\t\t\t\t\t<div class=\"e-n-tabs\" data-widget-number=\"29952865\" aria-label=\"Tabs. Open items with Enter or Space, close with Escape and navigate using the Arrow keys.\">\n\t\t\t<div class=\"e-n-tabs-heading\" role=\"tablist\">\n\t\t\t\t\t<button id=\"e-n-tab-title-299528651\" data-tab-title-id=\"e-n-tab-title-299528651\" class=\"e-n-tab-title\" aria-selected=\"true\" data-tab-index=\"1\" role=\"tab\" tabindex=\"0\" aria-controls=\"e-n-tab-content-299528651\" style=\"--n-tabs-title-order: 1;\">\n\t\t\t\t\t\t<span class=\"e-n-tab-title-text\">\n\t\t\t\tUnter 13-J\u00e4hrige\t\t\t<\/span>\n\t\t<\/button>\n\t\t\t\t<button id=\"e-n-tab-title-299528652\" data-tab-title-id=\"e-n-tab-title-299528652\" class=\"e-n-tab-title\" aria-selected=\"false\" data-tab-index=\"2\" role=\"tab\" tabindex=\"-1\" aria-controls=\"e-n-tab-content-299528652\" style=\"--n-tabs-title-order: 2;\">\n\t\t\t\t\t\t<span class=\"e-n-tab-title-text\">\n\t\t\t\t13- bis 15-J\u00e4hrige\t\t\t<\/span>\n\t\t<\/button>\n\t\t\t\t<button id=\"e-n-tab-title-299528653\" data-tab-title-id=\"e-n-tab-title-299528653\" class=\"e-n-tab-title\" aria-selected=\"false\" data-tab-index=\"3\" role=\"tab\" tabindex=\"-1\" aria-controls=\"e-n-tab-content-299528653\" style=\"--n-tabs-title-order: 3;\">\n\t\t\t\t\t\t<span class=\"e-n-tab-title-text\">\n\t\t\t\t15- bis 18-J\u00e4hrige\t\t\t<\/span>\n\t\t<\/button>\n\t\t\t\t\t<\/div>\n\t\t\t<div class=\"e-n-tabs-content\">\n\t\t\t\t<div id=\"e-n-tab-content-299528651\" role=\"tabpanel\" aria-labelledby=\"e-n-tab-title-299528651\" data-tab-index=\"1\" style=\"--n-tabs-title-order: 1;\" class=\"e-active elementor-element elementor-element-f5bfb36 e-con-full e-ecs-flex e-flex e-con e-parent\" data-id=\"f5bfb36\" data-element_type=\"container\" data-e-type=\"container\" data-settings=\"{&quot;background_background&quot;:&quot;classic&quot;,&quot;ecs_container_type&quot;:&quot;flex&quot;}\">\n\t\t<div class=\"elementor-element elementor-element-53fdfab e-con-full e-ecs-flex e-flex e-con e-parent\" data-id=\"53fdfab\" data-element_type=\"container\" data-e-type=\"container\" data-settings=\"{&quot;ecs_container_type&quot;:&quot;flex&quot;}\">\n\t\t\t\t<div class=\"elementor-element elementor-element-a402719 elementor-widget elementor-widget-text-editor\" data-id=\"a402719\" data-element_type=\"widget\" data-e-type=\"widget\" data-widget_type=\"text-editor.default\">\n\t\t\t\t<div class=\"elementor-widget-container\">\n\t\t\t\t\t\t\t\t\t<p><span style=\"font-weight: 400;\">Die Besch\u00e4ftigung von Jugendlichen unter 15 Jahren ist grunds\u00e4tzlich verboten, es sei denn, es gibt Ausnahmen. Wenn du j\u00fcnger als 13 bist, hast du also das Recht, in bestimmten T\u00e4tigkeitsbereichen (Kultur, Sport, Werbung) zu arbeiten, wenn deine Besch\u00e4ftigung pro Tag weniger als 3 Stunden deiner Zeit und weniger als 9 Stunden pro Woche in Anspruch nimmt und die Person, die dich besch\u00e4ftigt, deine T\u00e4tigkeit bei der kantonalen Beh\u00f6rde meldet. <\/span><\/p>\n\t\t\t\t\t\t\t\t<\/div>\n\t\t\t\t<\/div>\n\t\t\t\t<div class=\"elementor-element elementor-element-b264af9 elementor-widget elementor-widget-heading\" data-id=\"b264af9\" data-element_type=\"widget\" data-e-type=\"widget\" data-widget_type=\"heading.default\">\n\t\t\t\t<div class=\"elementor-widget-container\">\n\t\t\t\t\t<h2 class=\"elementor-heading-title elementor-size-default\">Erlaubte Aktivit\u00e4ten<\/h2>\t\t\t\t<\/div>\n\t\t\t\t<\/div>\n\t\t\t\t<div class=\"elementor-element elementor-element-b78528a elementor-widget elementor-widget-text-editor\" data-id=\"b78528a\" data-element_type=\"widget\" data-e-type=\"widget\" data-widget_type=\"text-editor.default\">\n\t\t\t\t<div class=\"elementor-widget-container\">\n\t\t\t\t\t\t\t\t\t<p><span style=\"font-weight: 400;\">K\u00fcnstlerische, kulturelle, sportliche und werbende T\u00e4tigkeiten, sofern die T\u00e4tigkeit keine negativen Auswirkungen auf die Gesundheit hat.<\/span><\/p>\n\t\t\t\t\t\t\t\t<\/div>\n\t\t\t\t<\/div>\n\t\t\t\t<\/div>\n\t\t<div class=\"elementor-element elementor-element-de7df7f e-con-full e-ecs-flex e-flex e-con e-parent\" data-id=\"de7df7f\" data-element_type=\"container\" data-e-type=\"container\" data-settings=\"{&quot;ecs_container_type&quot;:&quot;flex&quot;}\">\n\t\t\t\t<div class=\"elementor-element elementor-element-cc344a7 elementor-widget elementor-widget-heading\" data-id=\"cc344a7\" data-element_type=\"widget\" data-e-type=\"widget\" data-widget_type=\"heading.default\">\n\t\t\t\t<div class=\"elementor-widget-container\">\n\t\t\t\t\t<h2 class=\"elementor-heading-title elementor-size-default\">Erlaubte Arbeitszeit<\/h2>\t\t\t\t<\/div>\n\t\t\t\t<\/div>\n\t\t\t\t<div class=\"elementor-element elementor-element-115ffb8 elementor-widget elementor-widget-text-editor\" data-id=\"115ffb8\" data-element_type=\"widget\" data-e-type=\"widget\" data-widget_type=\"text-editor.default\">\n\t\t\t\t<div class=\"elementor-widget-container\">\n\t\t\t\t\t\t\t\t\t<p><span style=\"font-weight: 400;\">Maximal 3 Stunden pro Tag<\/span><span style=\"font-weight: 400;\"><br \/><\/span><span style=\"font-weight: 400;\">Maximal 9 Stunden pro Woche<\/span><\/p>\n\t\t\t\t\t\t\t\t<\/div>\n\t\t\t\t<\/div>\n\t\t\t\t<div class=\"elementor-element elementor-element-3bf8917 elementor-widget elementor-widget-heading\" data-id=\"3bf8917\" data-element_type=\"widget\" data-e-type=\"widget\" data-widget_type=\"heading.default\">\n\t\t\t\t<div class=\"elementor-widget-container\">\n\t\t\t\t\t<h2 class=\"elementor-heading-title elementor-size-default\">Gesetzliche Verpflichtungen<\/h2>\t\t\t\t<\/div>\n\t\t\t\t<\/div>\n\t\t\t\t<div class=\"elementor-element elementor-element-f2618a2 elementor-widget elementor-widget-text-editor\" data-id=\"f2618a2\" data-element_type=\"widget\" data-e-type=\"widget\" data-widget_type=\"text-editor.default\">\n\t\t\t\t<div class=\"elementor-widget-container\">\n\t\t\t\t\t\t\t\t\t<p>Meldung des Arbeitgebers an die kantonale Beh\u00f6rde 14 Tage vor der Aktivit\u00e4t.<\/p>\n\t\t\t\t\t\t\t\t<\/div>\n\t\t\t\t<\/div>\n\t\t\t\t<\/div>\n\t\t\t\t<\/div>\n\t\t<div id=\"e-n-tab-content-299528652\" role=\"tabpanel\" aria-labelledby=\"e-n-tab-title-299528652\" data-tab-index=\"2\" style=\"--n-tabs-title-order: 2;\" class=\" elementor-element elementor-element-b582a96 e-con-full e-ecs-flex e-flex e-con e-parent\" data-id=\"b582a96\" data-element_type=\"container\" data-e-type=\"container\" data-settings=\"{&quot;background_background&quot;:&quot;classic&quot;,&quot;ecs_container_type&quot;:&quot;flex&quot;}\">\n\t\t<div class=\"elementor-element elementor-element-a93835c e-con-full e-ecs-flex e-flex e-con e-parent\" data-id=\"a93835c\" data-element_type=\"container\" data-e-type=\"container\" data-settings=\"{&quot;ecs_container_type&quot;:&quot;flex&quot;}\">\n\t\t\t\t<div class=\"elementor-element elementor-element-e225e94 elementor-widget elementor-widget-text-editor\" data-id=\"e225e94\" data-element_type=\"widget\" data-e-type=\"widget\" data-widget_type=\"text-editor.default\">\n\t\t\t\t<div class=\"elementor-widget-container\">\n\t\t\t\t\t\t\t\t\t<p><span style=\"font-weight: 400;\">Wenn du zwischen 13 und 15 Jahre alt bist, darfst du leichte Arbeiten f\u00fcr eine Person verrichten, die dich besch\u00e4ftigt. Normalerweise sind das Sommerjobs oder Orientierungspraktika, die w\u00e4hrend deiner Ferien stattfinden. Die Arbeitszeiten und die Dauer deiner Anstellung d\u00fcrfen eine bestimmte Anzahl von Stunden pro Tag und Ferientagen nicht \u00fcberschreiten.   <\/span><\/p>\n<p><span style=\"font-weight: 400;\">Wenn du Verpflichtungen w\u00e4hrend der Schulzeit hast, sind diese Regeln strenger. Niemand darf dich z. B. mehr als 9 Stunden pro Woche besch\u00e4ftigen. <\/span><\/p>\n\t\t\t\t\t\t\t\t<\/div>\n\t\t\t\t<\/div>\n\t\t\t\t<div class=\"elementor-element elementor-element-ed3d11e elementor-widget elementor-widget-heading\" data-id=\"ed3d11e\" data-element_type=\"widget\" data-e-type=\"widget\" data-widget_type=\"heading.default\">\n\t\t\t\t<div class=\"elementor-widget-container\">\n\t\t\t\t\t<h2 class=\"elementor-heading-title elementor-size-default\">Erlaubte Aktivit\u00e4ten<\/h2>\t\t\t\t<\/div>\n\t\t\t\t<\/div>\n\t\t\t\t<div class=\"elementor-element elementor-element-9ef2077 elementor-widget elementor-widget-text-editor\" data-id=\"9ef2077\" data-element_type=\"widget\" data-e-type=\"widget\" data-widget_type=\"text-editor.default\">\n\t\t\t\t<div class=\"elementor-widget-container\">\n\t\t\t\t\t\t\t\t\t<p><span style=\"font-weight: 400;\">Leichte Arbeiten:<\/span><span style=\"font-weight: 400;\"><br \/><\/span><\/p>\n<ul>\n<li><span style=\"font-weight: 400;\">Ferienjobs<\/span><\/li>\n<li><span style=\"font-weight: 400;\">Praktika zur beruflichen Orientierung<\/span><\/li>\n<li><span style=\"font-weight: 400;\">Kleine Arbeiten wie Einkaufen oder einen Hund ausf\u00fchren<\/span><\/li>\n<li><span style=\"font-weight: 400;\">Von der kantonalen Beh\u00f6rde genehmigte regul\u00e4re Besch\u00e4ftigungen (Lehre)<\/span><\/li>\n<\/ul>\n\t\t\t\t\t\t\t\t<\/div>\n\t\t\t\t<\/div>\n\t\t\t\t<\/div>\n\t\t<div class=\"elementor-element elementor-element-56c3a8b e-con-full e-ecs-flex e-flex e-con e-parent\" data-id=\"56c3a8b\" data-element_type=\"container\" data-e-type=\"container\" data-settings=\"{&quot;ecs_container_type&quot;:&quot;flex&quot;}\">\n\t\t\t\t<div class=\"elementor-element elementor-element-a6a5702 elementor-widget elementor-widget-heading\" data-id=\"a6a5702\" data-element_type=\"widget\" data-e-type=\"widget\" data-widget_type=\"heading.default\">\n\t\t\t\t<div class=\"elementor-widget-container\">\n\t\t\t\t\t<h2 class=\"elementor-heading-title elementor-size-default\">Erlaubte Arbeitszeit<\/h2>\t\t\t\t<\/div>\n\t\t\t\t<\/div>\n\t\t\t\t<div class=\"elementor-element elementor-element-070711e elementor-widget elementor-widget-text-editor\" data-id=\"070711e\" data-element_type=\"widget\" data-e-type=\"widget\" data-widget_type=\"text-editor.default\">\n\t\t\t\t<div class=\"elementor-widget-container\">\n\t\t\t\t\t\t\t\t\t<p><span style=\"font-weight: 400;\">W\u00e4hrend der Schulzeit:<\/span><\/p>\n<ul>\n<li>Maximal 3 Stunden pro Tag<\/li>\n<li>Maximal 9 Stunden pro Woche<\/li>\n<\/ul>\n<p><span style=\"font-weight: 400;\"><br \/>W\u00e4hrend der Ferienzeit:<\/span><\/p>\n<ul>\n<li><span style=\"font-weight: 400;\">Maximal 8 Stunden pro Tag<\/span><\/li>\n<li><span style=\"font-weight: 400;\">Maximal 40 Stunden pro Woche<\/span><\/li>\n<li><span style=\"font-weight: 400;\">Zwischen 6.00 und 18.00 Uhr<\/span><span style=\"font-weight: 400;\"><br \/><\/span><\/li>\n<li><span style=\"font-weight: 400;\">H\u00f6chstens w\u00e4hrend der H\u00e4lfte der Schulferien<\/span><span style=\"font-weight: 400;\"><br \/><\/span><\/li>\n<li><span style=\"font-weight: 400;\">H\u00f6chstens zwei Wochen f\u00fcr ein Praktikum zur Berufsorientierung<\/span><\/li>\n<\/ul>\n<p><span style=\"font-weight: 400;\"><br \/>Ab einer Arbeitszeit von 5 Stunden pro Tag muss eine Pause von mindestens 30 Minuten gew\u00e4hrt werden.<\/span><\/p>\n\t\t\t\t\t\t\t\t<\/div>\n\t\t\t\t<\/div>\n\t\t\t\t<div class=\"elementor-element elementor-element-ae75225 elementor-widget elementor-widget-heading\" data-id=\"ae75225\" data-element_type=\"widget\" data-e-type=\"widget\" data-widget_type=\"heading.default\">\n\t\t\t\t<div class=\"elementor-widget-container\">\n\t\t\t\t\t<h2 class=\"elementor-heading-title elementor-size-default\">Gesetzliche Verpflichtungen<\/h2>\t\t\t\t<\/div>\n\t\t\t\t<\/div>\n\t\t\t\t<div class=\"elementor-element elementor-element-5bfc9d4 elementor-widget elementor-widget-text-editor\" data-id=\"5bfc9d4\" data-element_type=\"widget\" data-e-type=\"widget\" data-widget_type=\"text-editor.default\">\n\t\t\t\t<div class=\"elementor-widget-container\">\n\t\t\t\t\t\t\t\t\t<p><span style=\"font-weight: 400;\">Bei Entlassung aus der Schulpflicht vor dem Alter von 15 Jahren: M\u00f6glichkeit, mit einer Genehmigung der kantonalen Beh\u00f6rde bereits im Alter von 14 Jahren eine Lehre zu beginnen.<\/span><\/p>\n\t\t\t\t\t\t\t\t<\/div>\n\t\t\t\t<\/div>\n\t\t\t\t<\/div>\n\t\t\t\t<\/div>\n\t\t<div id=\"e-n-tab-content-299528653\" role=\"tabpanel\" aria-labelledby=\"e-n-tab-title-299528653\" data-tab-index=\"3\" style=\"--n-tabs-title-order: 3;\" class=\" elementor-element elementor-element-775f7d3 e-con-full e-ecs-flex e-flex e-con e-parent\" data-id=\"775f7d3\" data-element_type=\"container\" data-e-type=\"container\" data-settings=\"{&quot;background_background&quot;:&quot;classic&quot;,&quot;ecs_container_type&quot;:&quot;flex&quot;}\">\n\t\t<div class=\"elementor-element elementor-element-45d882e e-con-full e-ecs-flex e-flex e-con e-parent\" data-id=\"45d882e\" data-element_type=\"container\" data-e-type=\"container\" data-settings=\"{&quot;ecs_container_type&quot;:&quot;flex&quot;}\">\n\t\t\t\t<div class=\"elementor-element elementor-element-6fd59c8 elementor-widget elementor-widget-text-editor\" data-id=\"6fd59c8\" data-element_type=\"widget\" data-e-type=\"widget\" data-widget_type=\"text-editor.default\">\n\t\t\t\t<div class=\"elementor-widget-container\">\n\t\t\t\t\t\t\t\t\t<p><span style=\"font-weight: 400;\">Wenn du zwischen 15 und 18 Jahre alt bist, kannst du mit wenigen Ausnahmen unter denselben Bedingungen wie Erwachsene besch\u00e4ftigt werden. Du musst warten, bis du 16 Jahre alt bist, bevor du in bestimmten Branchen (Hotels, Restaurants usw.) arbeiten darfst, oder bis du 18 Jahre alt bist, wenn du in Bars und Diskotheken arbeiten m\u00f6chtest.  <\/span><\/p>\n<p><span style=\"font-weight: 400;\">Mit 15 Jahren darfst du abends nach 20 Uhr nicht mehr arbeiten, ausser in bestimmten Branchen wie z. B. dem Gastst\u00e4ttengewerbe. Mit 16 Jahren geht diese Grenze bis 22 Uhr. Schliesslich hast du unabh\u00e4ngig von der Branche, in der du arbeitest, das Recht auf mindestens 12 Stunden Ruhezeit pro Tag.  <\/span><\/p>\n\t\t\t\t\t\t\t\t<\/div>\n\t\t\t\t<\/div>\n\t\t\t\t<div class=\"elementor-element elementor-element-07d0726 elementor-widget elementor-widget-heading\" data-id=\"07d0726\" data-element_type=\"widget\" data-e-type=\"widget\" data-widget_type=\"heading.default\">\n\t\t\t\t<div class=\"elementor-widget-container\">\n\t\t\t\t\t<h2 class=\"elementor-heading-title elementor-size-default\">Erlaubte Aktivit\u00e4ten<\/h2>\t\t\t\t<\/div>\n\t\t\t\t<\/div>\n\t\t\t\t<div class=\"elementor-element elementor-element-7b10447 elementor-widget elementor-widget-text-editor\" data-id=\"7b10447\" data-element_type=\"widget\" data-e-type=\"widget\" data-widget_type=\"text-editor.default\">\n\t\t\t\t<div class=\"elementor-widget-container\">\n\t\t\t\t\t\t\t\t\t<p><span style=\"font-weight: 400;\">Allgemeine Besch\u00e4ftigung von Jugendlichen, die aus der Schulpflicht entlassen wurden.<\/span><span style=\"font-weight: 400;\"><br \/><\/span><span style=\"font-weight: 400;\"><br \/><\/span><span style=\"font-weight: 400;\">Ab 16 Jahren Besch\u00e4ftigung im Hotel- und Gastst\u00e4ttengewerbe, in Caf\u00e9s, Zirkusbetrieben, Kinos und Theatern.<\/span><span style=\"font-weight: 400;\"><br \/><\/span><span style=\"font-weight: 400;\">Verbot der Arbeit in Kabaretts, Diskotheken und Bars.<\/span><\/p>\n\t\t\t\t\t\t\t\t<\/div>\n\t\t\t\t<\/div>\n\t\t\t\t<\/div>\n\t\t<div class=\"elementor-element elementor-element-4e98186 e-con-full e-ecs-flex e-flex e-con e-parent\" data-id=\"4e98186\" data-element_type=\"container\" data-e-type=\"container\" data-settings=\"{&quot;ecs_container_type&quot;:&quot;flex&quot;}\">\n\t\t\t\t<div class=\"elementor-element elementor-element-089ff07 elementor-widget elementor-widget-heading\" data-id=\"089ff07\" data-element_type=\"widget\" data-e-type=\"widget\" data-widget_type=\"heading.default\">\n\t\t\t\t<div class=\"elementor-widget-container\">\n\t\t\t\t\t<h2 class=\"elementor-heading-title elementor-size-default\">Erlaubte Arbeitszeit<\/h2>\t\t\t\t<\/div>\n\t\t\t\t<\/div>\n\t\t\t\t<div class=\"elementor-element elementor-element-794ed47 elementor-widget elementor-widget-text-editor\" data-id=\"794ed47\" data-element_type=\"widget\" data-e-type=\"widget\" data-widget_type=\"text-editor.default\">\n\t\t\t\t<div class=\"elementor-widget-container\">\n\t\t\t\t\t\t\t\t\t<p><span style=\"font-weight: 400;\">Bis zum Alter von 16 Jahren abends bis maximal 20.00 Uhr, ausser in den Bereichen Gastgewerbe, B\u00e4ckerei und Konditorei, bei Sport-, Kunst- und Kulturveranstaltungen.<\/span><span style=\"font-weight: 400;\"><br \/><\/span><span style=\"font-weight: 400;\"><br \/><\/span><span style=\"font-weight: 400;\">Ab 16 Jahren abends bis maximal 22.00 Uhr, ausser in den Bereichen Gastgewerbe, B\u00e4ckerei und Konditorei, bei Sport-, Kunst- und Kulturveranstaltungen.<\/span><span style=\"font-weight: 400;\"><br \/><\/span><span style=\"font-weight: 400;\"><br \/><\/span><span style=\"font-weight: 400;\">Am Abend vor dem Unterricht in der Berufsschule, h\u00f6chstens bis 20.00 Uhr.<\/span><\/p>\n<p><span style=\"font-weight: 400;\">Maximal 9 Stunden pro Tag<\/span><span style=\"font-weight: 400;\"><br \/><\/span><span style=\"font-weight: 400;\">Mindestens 12 Stunden Ruhezeit pro Tag.<\/span><\/p>\n\t\t\t\t\t\t\t\t<\/div>\n\t\t\t\t<\/div>\n\t\t\t\t<\/div>\n\t\t\t\t<\/div>\n\t\t\t\t\t<\/div>\n\t\t<\/div>\n\t\t\t\t\t\t<\/div>\n\t\t\t\t<\/div>\n\t\t\t\t\t<\/div>\n\t\t\t\t<\/div>\n\t\t<div class=\"elementor-element elementor-element-a73215f e-ecs-flex e-flex e-con-boxed e-con e-parent\" data-id=\"a73215f\" data-element_type=\"container\" data-e-type=\"container\" data-settings=\"{&quot;ecs_container_type&quot;:&quot;flex&quot;}\">\n\t\t\t\t\t<div class=\"e-con-inner\">\n\t\t<div class=\"elementor-element elementor-element-ce03040 e-con-full e-ecs-flex e-flex e-con e-parent\" data-id=\"ce03040\" data-element_type=\"container\" data-e-type=\"container\" data-settings=\"{&quot;ecs_container_type&quot;:&quot;flex&quot;}\">\n\t\t<div class=\"elementor-element elementor-element-58f4ed8 bloc-contexte e-ecs-flex e-flex e-con-boxed e-con e-parent\" data-id=\"58f4ed8\" data-element_type=\"container\" data-e-type=\"container\" data-settings=\"{&quot;background_background&quot;:&quot;classic&quot;,&quot;ecs_container_type&quot;:&quot;flex&quot;}\">\n\t\t\t\t\t<div class=\"e-con-inner\">\n\t\t\t\t<div class=\"elementor-element elementor-element-a982b6f elementor-widget elementor-widget-heading\" data-id=\"a982b6f\" data-element_type=\"widget\" data-e-type=\"widget\" data-widget_type=\"heading.default\">\n\t\t\t\t<div class=\"elementor-widget-container\">\n\t\t\t\t\t<h2 class=\"elementor-heading-title elementor-size-default\">\ud83e\ude7a Gesundheit und Sicherheit<\/h2>\t\t\t\t<\/div>\n\t\t\t\t<\/div>\n\t\t\t\t<div class=\"elementor-element elementor-element-9718ac1 elementor-widget elementor-widget-text-editor\" data-id=\"9718ac1\" data-element_type=\"widget\" data-e-type=\"widget\" data-widget_type=\"text-editor.default\">\n\t\t\t\t<div class=\"elementor-widget-container\">\n\t\t\t\t\t\t\t\t\t<p>Die Besch\u00e4ftigung darf keine negativen Auswirkungen auf deine Gesundheit, Sicherheit und Entwicklung haben, ebenso wenig wie auf deinen Schulbesuch und deine Leistungen in der Schule.<\/p>\n\t\t\t\t\t\t\t\t<\/div>\n\t\t\t\t<\/div>\n\t\t\t\t\t<\/div>\n\t\t\t\t<\/div>\n\t\t\t\t<\/div>\n\t\t<div class=\"elementor-element elementor-element-7c52d82 e-con-full e-ecs-flex e-flex e-con e-parent\" data-id=\"7c52d82\" data-element_type=\"container\" data-e-type=\"container\" data-settings=\"{&quot;ecs_container_type&quot;:&quot;flex&quot;}\">\n\t\t<div class=\"elementor-element elementor-element-3663b02 bloc-contexte e-ecs-flex e-flex e-con-boxed e-con e-parent\" data-id=\"3663b02\" data-element_type=\"container\" data-e-type=\"container\" data-settings=\"{&quot;background_background&quot;:&quot;classic&quot;,&quot;ecs_container_type&quot;:&quot;flex&quot;}\">\n\t\t\t\t\t<div class=\"e-con-inner\">\n\t\t\t\t<div class=\"elementor-element elementor-element-097c059 elementor-widget elementor-widget-heading\" data-id=\"097c059\" data-element_type=\"widget\" data-e-type=\"widget\" data-widget_type=\"heading.default\">\n\t\t\t\t<div class=\"elementor-widget-container\">\n\t\t\t\t\t<h2 class=\"elementor-heading-title elementor-size-default\">\ud83d\udea7 Gef\u00e4hrliche Arbeiten<\/h2>\t\t\t\t<\/div>\n\t\t\t\t<\/div>\n\t\t\t\t<div class=\"elementor-element elementor-element-eb75882 elementor-widget elementor-widget-text-editor\" data-id=\"eb75882\" data-element_type=\"widget\" data-e-type=\"widget\" data-widget_type=\"text-editor.default\">\n\t\t\t\t<div class=\"elementor-widget-container\">\n\t\t\t\t\t\t\t\t\t<p>Um dein Leben und deine Gesundheit zu sch\u00fctzen oder deine Sittlichkeit zu wahren, kann deine Besch\u00e4ftigung mit <strong>bestimmten Arbeiten<\/strong> verboten oder von besonderen Bedingungen abh\u00e4ngig gemacht werden (gef\u00e4hrliche Arbeiten, Art. 29 Abs. 3 ArG und 4 Abs. 5 ArGV 5). Ausnahmsweise k\u00f6nnen Bewilligungen (Einzelbewilligungen) erteilt werden, wenn die Ausf\u00fchrung gef\u00e4hrlicher Arbeiten f\u00fcr die Erreichung der Ziele der Berufsbildung unerl\u00e4sslich ist. <\/p>\n\t\t\t\t\t\t\t\t<\/div>\n\t\t\t\t<\/div>\n\t\t\t\t\t<\/div>\n\t\t\t\t<\/div>\n\t\t\t\t<\/div>\n\t\t\t\t\t<\/div>\n\t\t\t\t<\/div>\n\t\t\t\t<\/div>\n\t\t","protected":false},"excerpt":{"rendered":"<p>Unter 13-J\u00e4hrige 13- bis 15-J\u00e4hrige 15- bis 18-J\u00e4hrige Unter 13-J\u00e4hrige Die Besch\u00e4ftigung von Jugendlichen unter 15 Jahren ist grunds\u00e4tzlich verboten, es sei denn, es gibt Ausnahmen. Wenn du j\u00fcnger als 13 bist, hast du also das Recht, in bestimmten T\u00e4tigkeitsbereichen (Kultur, Sport, Werbung) zu arbeiten, wenn deine Besch\u00e4ftigung pro Tag weniger als 3 Stunden deiner [&hellip;]<\/p>\n","protected":false},"author":1,"featured_media":0,"comment_status":"open","ping_status":"open","sticky":false,"template":"","format":"standard","meta":{"_acf_changed":false,"footnotes":""},"categories":[49],"tags":[],"class_list":["post-2036","post","type-post","status-publish","format-standard","hentry","category-ausbildung-und-arbeit"],"acf":[],"yoast_head":"<!-- This site is optimized with the Yoast SEO plugin v27.5 - https:\/\/yoast.com\/product\/yoast-seo-wordpress\/ -->\n<title>Arbeitszeit | Reglo.ch<\/title>\n<meta name=\"robots\" content=\"index, follow, max-snippet:-1, max-image-preview:large, max-video-preview:-1\" \/>\n<link rel=\"canonical\" href=\"https:\/\/reglo.ch\/de\/ausbildung-und-arbeit\/arbeitszeit\/\" \/>\n<meta property=\"og:locale\" content=\"de_DE\" \/>\n<meta property=\"og:type\" content=\"article\" \/>\n<meta property=\"og:title\" content=\"Arbeitszeit | Reglo.ch\" \/>\n<meta property=\"og:description\" content=\"Unter 13-J\u00e4hrige 13- bis 15-J\u00e4hrige 15- bis 18-J\u00e4hrige Unter 13-J\u00e4hrige Die Besch\u00e4ftigung von Jugendlichen unter 15 Jahren ist grunds\u00e4tzlich verboten, es sei denn, es gibt Ausnahmen. Wenn du j\u00fcnger als 13 bist, hast du also das Recht, in bestimmten T\u00e4tigkeitsbereichen (Kultur, Sport, Werbung) zu arbeiten, wenn deine Besch\u00e4ftigung pro Tag weniger als 3 Stunden deiner [&hellip;]\" \/>\n<meta property=\"og:url\" content=\"https:\/\/reglo.ch\/de\/ausbildung-und-arbeit\/arbeitszeit\/\" \/>\n<meta property=\"og:site_name\" content=\"Reglo.ch\" \/>\n<meta property=\"article:published_time\" content=\"2023-07-13T13:50:00+00:00\" \/>\n<meta property=\"article:modified_time\" content=\"2023-08-18T08:48:37+00:00\" \/>\n<meta property=\"og:image\" content=\"https:\/\/reglo.ch\/wp-content\/uploads\/2023\/06\/reglo-main.jpg\" \/>\n\t<meta property=\"og:image:width\" content=\"2560\" \/>\n\t<meta property=\"og:image:height\" content=\"1440\" \/>\n\t<meta property=\"og:image:type\" content=\"image\/jpeg\" \/>\n<meta name=\"author\" content=\"admin-copilote\" \/>\n<meta name=\"twitter:card\" content=\"summary_large_image\" \/>\n<meta name=\"twitter:label1\" content=\"Verfasst von\" \/>\n\t<meta name=\"twitter:data1\" content=\"admin-copilote\" \/>\n\t<meta name=\"twitter:label2\" content=\"Gesch\u00e4tzte Lesezeit\" \/>\n\t<meta name=\"twitter:data2\" content=\"7\u00a0Minuten\" \/>\n<script type=\"application\/ld+json\" class=\"yoast-schema-graph\">{\"@context\":\"https:\\\/\\\/schema.org\",\"@graph\":[{\"@type\":\"Article\",\"@id\":\"https:\\\/\\\/reglo.ch\\\/de\\\/ausbildung-und-arbeit\\\/arbeitszeit\\\/#article\",\"isPartOf\":{\"@id\":\"https:\\\/\\\/reglo.ch\\\/de\\\/ausbildung-und-arbeit\\\/arbeitszeit\\\/\"},\"author\":{\"name\":\"admin-copilote\",\"@id\":\"https:\\\/\\\/reglo.ch\\\/de\\\/#\\\/schema\\\/person\\\/e1d61ebcb9096eb149df3b01779bda8e\"},\"headline\":\"Arbeitszeit\",\"datePublished\":\"2023-07-13T13:50:00+00:00\",\"dateModified\":\"2023-08-18T08:48:37+00:00\",\"mainEntityOfPage\":{\"@id\":\"https:\\\/\\\/reglo.ch\\\/de\\\/ausbildung-und-arbeit\\\/arbeitszeit\\\/\"},\"wordCount\":1163,\"commentCount\":0,\"articleSection\":[\"Ausbildung und Arbeit\"],\"inLanguage\":\"de\",\"potentialAction\":[{\"@type\":\"CommentAction\",\"name\":\"Comment\",\"target\":[\"https:\\\/\\\/reglo.ch\\\/de\\\/ausbildung-und-arbeit\\\/arbeitszeit\\\/#respond\"]}]},{\"@type\":\"WebPage\",\"@id\":\"https:\\\/\\\/reglo.ch\\\/de\\\/ausbildung-und-arbeit\\\/arbeitszeit\\\/\",\"url\":\"https:\\\/\\\/reglo.ch\\\/de\\\/ausbildung-und-arbeit\\\/arbeitszeit\\\/\",\"name\":\"Arbeitszeit | Reglo.ch\",\"isPartOf\":{\"@id\":\"https:\\\/\\\/reglo.ch\\\/de\\\/#website\"},\"datePublished\":\"2023-07-13T13:50:00+00:00\",\"dateModified\":\"2023-08-18T08:48:37+00:00\",\"author\":{\"@id\":\"https:\\\/\\\/reglo.ch\\\/de\\\/#\\\/schema\\\/person\\\/e1d61ebcb9096eb149df3b01779bda8e\"},\"breadcrumb\":{\"@id\":\"https:\\\/\\\/reglo.ch\\\/de\\\/ausbildung-und-arbeit\\\/arbeitszeit\\\/#breadcrumb\"},\"inLanguage\":\"de\",\"potentialAction\":[{\"@type\":\"ReadAction\",\"target\":[\"https:\\\/\\\/reglo.ch\\\/de\\\/ausbildung-und-arbeit\\\/arbeitszeit\\\/\"]}]},{\"@type\":\"BreadcrumbList\",\"@id\":\"https:\\\/\\\/reglo.ch\\\/de\\\/ausbildung-und-arbeit\\\/arbeitszeit\\\/#breadcrumb\",\"itemListElement\":[{\"@type\":\"ListItem\",\"position\":1,\"name\":\"\ud83c\udfe0\",\"item\":\"https:\\\/\\\/reglo.ch\\\/de\\\/\"},{\"@type\":\"ListItem\",\"position\":2,\"name\":\"Arbeitszeit\"}]},{\"@type\":\"WebSite\",\"@id\":\"https:\\\/\\\/reglo.ch\\\/de\\\/#website\",\"url\":\"https:\\\/\\\/reglo.ch\\\/de\\\/\",\"name\":\"Reglo.ch\",\"description\":\"Tes droits, tes devoirs\",\"potentialAction\":[{\"@type\":\"SearchAction\",\"target\":{\"@type\":\"EntryPoint\",\"urlTemplate\":\"https:\\\/\\\/reglo.ch\\\/de\\\/?s={search_term_string}\"},\"query-input\":{\"@type\":\"PropertyValueSpecification\",\"valueRequired\":true,\"valueName\":\"search_term_string\"}}],\"inLanguage\":\"de\"},{\"@type\":\"Person\",\"@id\":\"https:\\\/\\\/reglo.ch\\\/de\\\/#\\\/schema\\\/person\\\/e1d61ebcb9096eb149df3b01779bda8e\",\"name\":\"admin-copilote\",\"image\":{\"@type\":\"ImageObject\",\"inLanguage\":\"de\",\"@id\":\"https:\\\/\\\/secure.gravatar.com\\\/avatar\\\/6a3aee293b06c15bb19da24e6b885e51848ce8c54589040899d1f72d3b42dcd1?s=96&d=mm&r=g\",\"url\":\"https:\\\/\\\/secure.gravatar.com\\\/avatar\\\/6a3aee293b06c15bb19da24e6b885e51848ce8c54589040899d1f72d3b42dcd1?s=96&d=mm&r=g\",\"contentUrl\":\"https:\\\/\\\/secure.gravatar.com\\\/avatar\\\/6a3aee293b06c15bb19da24e6b885e51848ce8c54589040899d1f72d3b42dcd1?s=96&d=mm&r=g\",\"caption\":\"admin-copilote\"},\"sameAs\":[\"https:\\\/\\\/reglo.ch\"]}]}<\/script>\n<!-- \/ Yoast SEO plugin. -->","yoast_head_json":{"title":"Arbeitszeit | Reglo.ch","robots":{"index":"index","follow":"follow","max-snippet":"max-snippet:-1","max-image-preview":"max-image-preview:large","max-video-preview":"max-video-preview:-1"},"canonical":"https:\/\/reglo.ch\/de\/ausbildung-und-arbeit\/arbeitszeit\/","og_locale":"de_DE","og_type":"article","og_title":"Arbeitszeit | Reglo.ch","og_description":"Unter 13-J\u00e4hrige 13- bis 15-J\u00e4hrige 15- bis 18-J\u00e4hrige Unter 13-J\u00e4hrige Die Besch\u00e4ftigung von Jugendlichen unter 15 Jahren ist grunds\u00e4tzlich verboten, es sei denn, es gibt Ausnahmen. Wenn du j\u00fcnger als 13 bist, hast du also das Recht, in bestimmten T\u00e4tigkeitsbereichen (Kultur, Sport, Werbung) zu arbeiten, wenn deine Besch\u00e4ftigung pro Tag weniger als 3 Stunden deiner [&hellip;]","og_url":"https:\/\/reglo.ch\/de\/ausbildung-und-arbeit\/arbeitszeit\/","og_site_name":"Reglo.ch","article_published_time":"2023-07-13T13:50:00+00:00","article_modified_time":"2023-08-18T08:48:37+00:00","og_image":[{"width":2560,"height":1440,"url":"https:\/\/reglo.ch\/wp-content\/uploads\/2023\/06\/reglo-main.jpg","type":"image\/jpeg"}],"author":"admin-copilote","twitter_card":"summary_large_image","twitter_misc":{"Verfasst von":"admin-copilote","Gesch\u00e4tzte Lesezeit":"7\u00a0Minuten"},"schema":{"@context":"https:\/\/schema.org","@graph":[{"@type":"Article","@id":"https:\/\/reglo.ch\/de\/ausbildung-und-arbeit\/arbeitszeit\/#article","isPartOf":{"@id":"https:\/\/reglo.ch\/de\/ausbildung-und-arbeit\/arbeitszeit\/"},"author":{"name":"admin-copilote","@id":"https:\/\/reglo.ch\/de\/#\/schema\/person\/e1d61ebcb9096eb149df3b01779bda8e"},"headline":"Arbeitszeit","datePublished":"2023-07-13T13:50:00+00:00","dateModified":"2023-08-18T08:48:37+00:00","mainEntityOfPage":{"@id":"https:\/\/reglo.ch\/de\/ausbildung-und-arbeit\/arbeitszeit\/"},"wordCount":1163,"commentCount":0,"articleSection":["Ausbildung und Arbeit"],"inLanguage":"de","potentialAction":[{"@type":"CommentAction","name":"Comment","target":["https:\/\/reglo.ch\/de\/ausbildung-und-arbeit\/arbeitszeit\/#respond"]}]},{"@type":"WebPage","@id":"https:\/\/reglo.ch\/de\/ausbildung-und-arbeit\/arbeitszeit\/","url":"https:\/\/reglo.ch\/de\/ausbildung-und-arbeit\/arbeitszeit\/","name":"Arbeitszeit | Reglo.ch","isPartOf":{"@id":"https:\/\/reglo.ch\/de\/#website"},"datePublished":"2023-07-13T13:50:00+00:00","dateModified":"2023-08-18T08:48:37+00:00","author":{"@id":"https:\/\/reglo.ch\/de\/#\/schema\/person\/e1d61ebcb9096eb149df3b01779bda8e"},"breadcrumb":{"@id":"https:\/\/reglo.ch\/de\/ausbildung-und-arbeit\/arbeitszeit\/#breadcrumb"},"inLanguage":"de","potentialAction":[{"@type":"ReadAction","target":["https:\/\/reglo.ch\/de\/ausbildung-und-arbeit\/arbeitszeit\/"]}]},{"@type":"BreadcrumbList","@id":"https:\/\/reglo.ch\/de\/ausbildung-und-arbeit\/arbeitszeit\/#breadcrumb","itemListElement":[{"@type":"ListItem","position":1,"name":"\ud83c\udfe0","item":"https:\/\/reglo.ch\/de\/"},{"@type":"ListItem","position":2,"name":"Arbeitszeit"}]},{"@type":"WebSite","@id":"https:\/\/reglo.ch\/de\/#website","url":"https:\/\/reglo.ch\/de\/","name":"Reglo.ch","description":"Tes droits, tes devoirs","potentialAction":[{"@type":"SearchAction","target":{"@type":"EntryPoint","urlTemplate":"https:\/\/reglo.ch\/de\/?s={search_term_string}"},"query-input":{"@type":"PropertyValueSpecification","valueRequired":true,"valueName":"search_term_string"}}],"inLanguage":"de"},{"@type":"Person","@id":"https:\/\/reglo.ch\/de\/#\/schema\/person\/e1d61ebcb9096eb149df3b01779bda8e","name":"admin-copilote","image":{"@type":"ImageObject","inLanguage":"de","@id":"https:\/\/secure.gravatar.com\/avatar\/6a3aee293b06c15bb19da24e6b885e51848ce8c54589040899d1f72d3b42dcd1?s=96&d=mm&r=g","url":"https:\/\/secure.gravatar.com\/avatar\/6a3aee293b06c15bb19da24e6b885e51848ce8c54589040899d1f72d3b42dcd1?s=96&d=mm&r=g","contentUrl":"https:\/\/secure.gravatar.com\/avatar\/6a3aee293b06c15bb19da24e6b885e51848ce8c54589040899d1f72d3b42dcd1?s=96&d=mm&r=g","caption":"admin-copilote"},"sameAs":["https:\/\/reglo.ch"]}]}},"_links":{"self":[{"href":"https:\/\/reglo.ch\/de\/wp-json\/wp\/v2\/posts\/2036","targetHints":{"allow":["GET"]}}],"collection":[{"href":"https:\/\/reglo.ch\/de\/wp-json\/wp\/v2\/posts"}],"about":[{"href":"https:\/\/reglo.ch\/de\/wp-json\/wp\/v2\/types\/post"}],"author":[{"embeddable":true,"href":"https:\/\/reglo.ch\/de\/wp-json\/wp\/v2\/users\/1"}],"replies":[{"embeddable":true,"href":"https:\/\/reglo.ch\/de\/wp-json\/wp\/v2\/comments?post=2036"}],"version-history":[{"count":20,"href":"https:\/\/reglo.ch\/de\/wp-json\/wp\/v2\/posts\/2036\/revisions"}],"predecessor-version":[{"id":2780,"href":"https:\/\/reglo.ch\/de\/wp-json\/wp\/v2\/posts\/2036\/revisions\/2780"}],"wp:attachment":[{"href":"https:\/\/reglo.ch\/de\/wp-json\/wp\/v2\/media?parent=2036"}],"wp:term":[{"taxonomy":"category","embeddable":true,"href":"https:\/\/reglo.ch\/de\/wp-json\/wp\/v2\/categories?post=2036"},{"taxonomy":"post_tag","embeddable":true,"href":"https:\/\/reglo.ch\/de\/wp-json\/wp\/v2\/tags?post=2036"}],"curies":[{"name":"wp","href":"https:\/\/api.w.org\/{rel}","templated":true}]}}