{"id":2061,"date":"2023-07-13T17:58:00","date_gmt":"2023-07-13T15:58:00","guid":{"rendered":"https:\/\/reglo.ch\/staatsbuergerschaft-privatsphaere-schutz\/lexikon\/"},"modified":"2023-08-17T17:57:22","modified_gmt":"2023-08-17T15:57:22","slug":"lexikon","status":"publish","type":"post","link":"https:\/\/reglo.ch\/de\/ausbildung-und-arbeit\/lexikon\/","title":{"rendered":"Lexikon"},"content":{"rendered":"\t\t<div data-elementor-type=\"wp-post\" data-elementor-id=\"2061\" class=\"elementor elementor-2061 elementor-1815\" data-elementor-post-type=\"post\">\n\t\t\t\t<div class=\"elementor-element elementor-element-5d8fb2a e-ecs-flex e-flex e-con-boxed e-con e-parent\" data-id=\"5d8fb2a\" data-element_type=\"container\" data-e-type=\"container\" data-settings=\"{&quot;ecs_container_type&quot;:&quot;flex&quot;}\">\n\t\t\t\t\t<div class=\"e-con-inner\">\n\t\t\t\t<div class=\"elementor-element elementor-element-3e74aad elementor-widget elementor-widget-heading\" data-id=\"3e74aad\" data-element_type=\"widget\" data-e-type=\"widget\" data-widget_type=\"heading.default\">\n\t\t\t\t<div class=\"elementor-widget-container\">\n\t\t\t\t\t<h4 class=\"elementor-heading-title elementor-size-default\">Feiertag<\/h4>\t\t\t\t<\/div>\n\t\t\t\t<\/div>\n\t\t\t\t<div class=\"elementor-element elementor-element-104c44e elementor-widget elementor-widget-text-editor\" data-id=\"104c44e\" data-element_type=\"widget\" data-e-type=\"widget\" data-widget_type=\"text-editor.default\">\n\t\t\t\t<div class=\"elementor-widget-container\">\n\t\t\t\t\t\t\t\t\t<p>Es handelt sich um einen zivilen oder religi\u00f6sen Feiertag. Es gibt einen nationalen Feiertag (1. August) und mehrere kantonale Feiertage. <\/p>\n\t\t\t\t\t\t\t\t<\/div>\n\t\t\t\t<\/div>\n\t\t\t\t\t<\/div>\n\t\t\t\t<\/div>\n\t\t<div class=\"elementor-element elementor-element-92f2826 e-ecs-flex e-flex e-con-boxed e-con e-parent\" data-id=\"92f2826\" data-element_type=\"container\" data-e-type=\"container\" data-settings=\"{&quot;ecs_container_type&quot;:&quot;flex&quot;}\">\n\t\t\t\t\t<div class=\"e-con-inner\">\n\t\t\t\t<div class=\"elementor-element elementor-element-e2caf87 elementor-widget elementor-widget-heading\" data-id=\"e2caf87\" data-element_type=\"widget\" data-e-type=\"widget\" data-widget_type=\"heading.default\">\n\t\t\t\t<div class=\"elementor-widget-container\">\n\t\t\t\t\t<h4 class=\"elementor-heading-title elementor-size-default\">Ferien<\/h4>\t\t\t\t<\/div>\n\t\t\t\t<\/div>\n\t\t\t\t<div class=\"elementor-element elementor-element-3ea9a89 elementor-widget elementor-widget-text-editor\" data-id=\"3ea9a89\" data-element_type=\"widget\" data-e-type=\"widget\" data-widget_type=\"text-editor.default\">\n\t\t\t\t<div class=\"elementor-widget-container\">\n\t\t\t\t\t\t\t\t\t<p>Es handelt sich um einen Zeitraum, in dem der Arbeitnehmer von der Arbeit freigestellt wird und sich erholen k\u00f6nnen muss. Sie werden zwischen dem Arbeitnehmer und dem Arbeitgeber vereinbart, aber bei Uneinigkeit hat der Arbeitgeber das Recht, dar\u00fcber zu entscheiden. Der Arbeitgeber muss dem Arbeitnehmer mindestens einmal im Jahr zwei aufeinanderfolgende Urlaubswochen gew\u00e4hren.  <\/p>\n\t\t\t\t\t\t\t\t<\/div>\n\t\t\t\t<\/div>\n\t\t\t\t\t<\/div>\n\t\t\t\t<\/div>\n\t\t<div class=\"elementor-element elementor-element-fa2b887 e-ecs-flex e-flex e-con-boxed e-con e-parent\" data-id=\"fa2b887\" data-element_type=\"container\" data-e-type=\"container\" data-settings=\"{&quot;ecs_container_type&quot;:&quot;flex&quot;}\">\n\t\t\t\t\t<div class=\"e-con-inner\">\n\t\t\t\t<div class=\"elementor-element elementor-element-1ceced1 elementor-widget elementor-widget-heading\" data-id=\"1ceced1\" data-element_type=\"widget\" data-e-type=\"widget\" data-widget_type=\"heading.default\">\n\t\t\t\t<div class=\"elementor-widget-container\">\n\t\t\t\t\t<h4 class=\"elementor-heading-title elementor-size-default\">Freistellung<\/h4>\t\t\t\t<\/div>\n\t\t\t\t<\/div>\n\t\t\t\t<div class=\"elementor-element elementor-element-c9580a5 elementor-widget elementor-widget-text-editor\" data-id=\"c9580a5\" data-element_type=\"widget\" data-e-type=\"widget\" data-widget_type=\"text-editor.default\">\n\t\t\t\t<div class=\"elementor-widget-container\">\n\t\t\t\t\t\t\t\t\t<p>Hierbei handelt es sich um die Beendigung eines Arbeitsvertrags oder um einen Ruhetag.<\/p>\n\t\t\t\t\t\t\t\t<\/div>\n\t\t\t\t<\/div>\n\t\t\t\t\t<\/div>\n\t\t\t\t<\/div>\n\t\t<div class=\"elementor-element elementor-element-264bce2 e-ecs-flex e-flex e-con-boxed e-con e-parent\" data-id=\"264bce2\" data-element_type=\"container\" data-e-type=\"container\" data-settings=\"{&quot;ecs_container_type&quot;:&quot;flex&quot;}\">\n\t\t\t\t\t<div class=\"e-con-inner\">\n\t\t\t\t<div class=\"elementor-element elementor-element-ea83158 elementor-widget elementor-widget-heading\" data-id=\"ea83158\" data-element_type=\"widget\" data-e-type=\"widget\" data-widget_type=\"heading.default\">\n\t\t\t\t<div class=\"elementor-widget-container\">\n\t\t\t\t\t<h4 class=\"elementor-heading-title elementor-size-default\">GAV<\/h4>\t\t\t\t<\/div>\n\t\t\t\t<\/div>\n\t\t\t\t<div class=\"elementor-element elementor-element-2728e1d elementor-widget elementor-widget-text-editor\" data-id=\"2728e1d\" data-element_type=\"widget\" data-e-type=\"widget\" data-widget_type=\"text-editor.default\">\n\t\t\t\t<div class=\"elementor-widget-container\">\n\t\t\t\t\t\t\t\t\t<p>Ein Gesamtarbeitsvertrag (GAV) ist ein Text, der besondere Regeln f\u00fcr einen Berufszweig enth\u00e4lt und das Arbeitsrecht erg\u00e4nzt.<\/p>\n\t\t\t\t\t\t\t\t<\/div>\n\t\t\t\t<\/div>\n\t\t\t\t\t<\/div>\n\t\t\t\t<\/div>\n\t\t<div class=\"elementor-element elementor-element-3d5a19b e-ecs-flex e-flex e-con-boxed e-con e-parent\" data-id=\"3d5a19b\" data-element_type=\"container\" data-e-type=\"container\" data-settings=\"{&quot;ecs_container_type&quot;:&quot;flex&quot;}\">\n\t\t\t\t\t<div class=\"e-con-inner\">\n\t\t\t\t<div class=\"elementor-element elementor-element-328294a elementor-widget elementor-widget-heading\" data-id=\"328294a\" data-element_type=\"widget\" data-e-type=\"widget\" data-widget_type=\"heading.default\">\n\t\t\t\t<div class=\"elementor-widget-container\">\n\t\t\t\t\t<h4 class=\"elementor-heading-title elementor-size-default\">K\u00fcndigung<\/h4>\t\t\t\t<\/div>\n\t\t\t\t<\/div>\n\t\t\t\t<div class=\"elementor-element elementor-element-70584cf elementor-widget elementor-widget-text-editor\" data-id=\"70584cf\" data-element_type=\"widget\" data-e-type=\"widget\" data-widget_type=\"text-editor.default\">\n\t\t\t\t<div class=\"elementor-widget-container\">\n\t\t\t\t\t\t\t\t\t<p>Hierbei handelt es sich um die Handlung, einen Arbeitsvertrag zu beenden.<\/p>\n\t\t\t\t\t\t\t\t<\/div>\n\t\t\t\t<\/div>\n\t\t\t\t\t<\/div>\n\t\t\t\t<\/div>\n\t\t<div class=\"elementor-element elementor-element-3375276 e-ecs-flex e-flex e-con-boxed e-con e-parent\" data-id=\"3375276\" data-element_type=\"container\" data-e-type=\"container\" data-settings=\"{&quot;ecs_container_type&quot;:&quot;flex&quot;}\">\n\t\t\t\t\t<div class=\"e-con-inner\">\n\t\t\t\t<div class=\"elementor-element elementor-element-5d2a14d elementor-widget elementor-widget-heading\" data-id=\"5d2a14d\" data-element_type=\"widget\" data-e-type=\"widget\" data-widget_type=\"heading.default\">\n\t\t\t\t<div class=\"elementor-widget-container\">\n\t\t\t\t\t<h4 class=\"elementor-heading-title elementor-size-default\">K\u00fcndigungsfrist<\/h4>\t\t\t\t<\/div>\n\t\t\t\t<\/div>\n\t\t\t\t<div class=\"elementor-element elementor-element-e9c4790 elementor-widget elementor-widget-text-editor\" data-id=\"e9c4790\" data-element_type=\"widget\" data-e-type=\"widget\" data-widget_type=\"text-editor.default\">\n\t\t\t\t<div class=\"elementor-widget-container\">\n\t\t\t\t\t\t\t\t\t<p>Dies ist die Frist, die eingehalten werden muss, um einen Arbeitsvertrag zu k\u00fcndigen.<\/p>\n\t\t\t\t\t\t\t\t<\/div>\n\t\t\t\t<\/div>\n\t\t\t\t\t<\/div>\n\t\t\t\t<\/div>\n\t\t<div class=\"elementor-element elementor-element-6e0666e e-ecs-flex e-flex e-con-boxed e-con e-parent\" data-id=\"6e0666e\" data-element_type=\"container\" data-e-type=\"container\" data-settings=\"{&quot;ecs_container_type&quot;:&quot;flex&quot;}\">\n\t\t\t\t\t<div class=\"e-con-inner\">\n\t\t\t\t<div class=\"elementor-element elementor-element-273d33c elementor-widget elementor-widget-heading\" data-id=\"273d33c\" data-element_type=\"widget\" data-e-type=\"widget\" data-widget_type=\"heading.default\">\n\t\t\t\t<div class=\"elementor-widget-container\">\n\t\t\t\t\t<h4 class=\"elementor-heading-title elementor-size-default\">Lohn<\/h4>\t\t\t\t<\/div>\n\t\t\t\t<\/div>\n\t\t\t\t<div class=\"elementor-element elementor-element-1d72e6a elementor-widget elementor-widget-text-editor\" data-id=\"1d72e6a\" data-element_type=\"widget\" data-e-type=\"widget\" data-widget_type=\"text-editor.default\">\n\t\t\t\t<div class=\"elementor-widget-container\">\n\t\t\t\t\t\t\t\t\t<p>Dies ist die finanzielle Gegenleistung, die man f\u00fcr eine Arbeit erh\u00e4lt.<\/p>\n\t\t\t\t\t\t\t\t<\/div>\n\t\t\t\t<\/div>\n\t\t\t\t\t<\/div>\n\t\t\t\t<\/div>\n\t\t<div class=\"elementor-element elementor-element-8b9c762 e-ecs-flex e-flex e-con-boxed e-con e-parent\" data-id=\"8b9c762\" data-element_type=\"container\" data-e-type=\"container\" data-settings=\"{&quot;ecs_container_type&quot;:&quot;flex&quot;}\">\n\t\t\t\t\t<div class=\"e-con-inner\">\n\t\t\t\t<div class=\"elementor-element elementor-element-deb957b elementor-widget elementor-widget-heading\" data-id=\"deb957b\" data-element_type=\"widget\" data-e-type=\"widget\" data-widget_type=\"heading.default\">\n\t\t\t\t<div class=\"elementor-widget-container\">\n\t\t\t\t\t<h4 class=\"elementor-heading-title elementor-size-default\">NAV<\/h4>\t\t\t\t<\/div>\n\t\t\t\t<\/div>\n\t\t\t\t<div class=\"elementor-element elementor-element-b02a29c elementor-widget elementor-widget-text-editor\" data-id=\"b02a29c\" data-element_type=\"widget\" data-e-type=\"widget\" data-widget_type=\"text-editor.default\">\n\t\t\t\t<div class=\"elementor-widget-container\">\n\t\t\t\t\t\t\t\t\t<p>In Branchen, in denen es keinen Gesamtarbeitsvertrag gibt, kann es einen Normalarbeitsvertrag (NAV) geben. Er regelt unter anderem Fragen zu Arbeitszeiten, Ferien oder auch K\u00fcndigungsfristen. Man kann schriftlich in einem Einzelarbeitsvertrag davon abweichen.  <\/p>\n\t\t\t\t\t\t\t\t<\/div>\n\t\t\t\t<\/div>\n\t\t\t\t\t<\/div>\n\t\t\t\t<\/div>\n\t\t<div class=\"elementor-element elementor-element-49ad812 e-ecs-flex e-flex e-con-boxed e-con e-parent\" data-id=\"49ad812\" data-element_type=\"container\" data-e-type=\"container\" data-settings=\"{&quot;ecs_container_type&quot;:&quot;flex&quot;}\">\n\t\t\t\t\t<div class=\"e-con-inner\">\n\t\t\t\t<div class=\"elementor-element elementor-element-4215777 elementor-widget elementor-widget-heading\" data-id=\"4215777\" data-element_type=\"widget\" data-e-type=\"widget\" data-widget_type=\"heading.default\">\n\t\t\t\t<div class=\"elementor-widget-container\">\n\t\t\t\t\t<h4 class=\"elementor-heading-title elementor-size-default\">Probezeit<\/h4>\t\t\t\t<\/div>\n\t\t\t\t<\/div>\n\t\t\t\t<div class=\"elementor-element elementor-element-e9008bc elementor-widget elementor-widget-text-editor\" data-id=\"e9008bc\" data-element_type=\"widget\" data-e-type=\"widget\" data-widget_type=\"text-editor.default\">\n\t\t\t\t<div class=\"elementor-widget-container\">\n\t\t\t\t\t\t\t\t\t<p>Dies ist der Zeitraum zu Beginn eines Arbeitsvertrags, der es dem Arbeitnehmer und dem Arbeitgeber erm\u00f6glicht, sich kennen zu lernen und die Arbeit zu verstehen. Sie erm\u00f6glicht es, den Arbeitsvertrag leichter und schneller zu k\u00fcndigen, wenn er nicht passt. <\/p>\n\t\t\t\t\t\t\t\t<\/div>\n\t\t\t\t<\/div>\n\t\t\t\t\t<\/div>\n\t\t\t\t<\/div>\n\t\t<div class=\"elementor-element elementor-element-ebe2842 e-ecs-flex e-flex e-con-boxed e-con e-parent\" data-id=\"ebe2842\" data-element_type=\"container\" data-e-type=\"container\" data-settings=\"{&quot;ecs_container_type&quot;:&quot;flex&quot;}\">\n\t\t\t\t\t<div class=\"e-con-inner\">\n\t\t\t\t<div class=\"elementor-element elementor-element-0441f01 elementor-widget elementor-widget-heading\" data-id=\"0441f01\" data-element_type=\"widget\" data-e-type=\"widget\" data-widget_type=\"heading.default\">\n\t\t\t\t<div class=\"elementor-widget-container\">\n\t\t\t\t\t<h4 class=\"elementor-heading-title elementor-size-default\">Sozialabgaben<\/h4>\t\t\t\t<\/div>\n\t\t\t\t<\/div>\n\t\t\t\t<div class=\"elementor-element elementor-element-5d17b76 elementor-widget elementor-widget-text-editor\" data-id=\"5d17b76\" data-element_type=\"widget\" data-e-type=\"widget\" data-widget_type=\"text-editor.default\">\n\t\t\t\t<div class=\"elementor-widget-container\">\n\t\t\t\t\t\t\t\t\t<p>Dies sind Beitr\u00e4ge, die vom Lohn abgezogen werden und mit denen Vorteile (AHV-, Invaliden-, Witwen- oder Waisenrente oder Arbeitslosengeld usw.) erlangt werden k\u00f6nnen, wenn das versicherte Risiko eintritt.<\/p>\n\t\t\t\t\t\t\t\t<\/div>\n\t\t\t\t<\/div>\n\t\t\t\t\t<\/div>\n\t\t\t\t<\/div>\n\t\t<div class=\"elementor-element elementor-element-54fa25f e-ecs-flex e-flex e-con-boxed e-con e-parent\" data-id=\"54fa25f\" data-element_type=\"container\" data-e-type=\"container\" data-settings=\"{&quot;ecs_container_type&quot;:&quot;flex&quot;}\">\n\t\t\t\t\t<div class=\"e-con-inner\">\n\t\t\t\t<div class=\"elementor-element elementor-element-2873011 elementor-widget elementor-widget-heading\" data-id=\"2873011\" data-element_type=\"widget\" data-e-type=\"widget\" data-widget_type=\"heading.default\">\n\t\t\t\t<div class=\"elementor-widget-container\">\n\t\t\t\t\t<h4 class=\"elementor-heading-title elementor-size-default\">Teilzeit<\/h4>\t\t\t\t<\/div>\n\t\t\t\t<\/div>\n\t\t\t\t<div class=\"elementor-element elementor-element-80d5d5f elementor-widget elementor-widget-text-editor\" data-id=\"80d5d5f\" data-element_type=\"widget\" data-e-type=\"widget\" data-widget_type=\"text-editor.default\">\n\t\t\t\t<div class=\"elementor-widget-container\">\n\t\t\t\t\t\t\t\t\t<p>Das bedeutet, dass die Mitarbeiterin oder der Mitarbeiter nicht zu 100 %, sondern mit reduzierter Stundenzahl arbeitet.<\/p>\n\t\t\t\t\t\t\t\t<\/div>\n\t\t\t\t<\/div>\n\t\t\t\t\t<\/div>\n\t\t\t\t<\/div>\n\t\t<div class=\"elementor-element elementor-element-f34399a e-ecs-flex e-flex e-con-boxed e-con e-parent\" data-id=\"f34399a\" data-element_type=\"container\" data-e-type=\"container\" data-settings=\"{&quot;ecs_container_type&quot;:&quot;flex&quot;}\">\n\t\t\t\t\t<div class=\"e-con-inner\">\n\t\t\t\t<div class=\"elementor-element elementor-element-ae1a37c elementor-widget elementor-widget-heading\" data-id=\"ae1a37c\" data-element_type=\"widget\" data-e-type=\"widget\" data-widget_type=\"heading.default\">\n\t\t\t\t<div class=\"elementor-widget-container\">\n\t\t\t\t\t<h4 class=\"elementor-heading-title elementor-size-default\">Versicherung<\/h4>\t\t\t\t<\/div>\n\t\t\t\t<\/div>\n\t\t\t\t<div class=\"elementor-element elementor-element-c67ddf9 elementor-widget elementor-widget-text-editor\" data-id=\"c67ddf9\" data-element_type=\"widget\" data-e-type=\"widget\" data-widget_type=\"text-editor.default\">\n\t\t\t\t<div class=\"elementor-widget-container\">\n\t\t\t\t\t\t\t\t\t<p>Eine Versicherung ist ein Vertrag, bei dem der Versicherer gegen eine Pr\u00e4mie Geld zahlt oder ein Risiko (Unfall, Krankheit, Diebstahl usw.), das eingetreten ist, durch Sachleistungen ausgleicht.<\/p>\n\t\t\t\t\t\t\t\t<\/div>\n\t\t\t\t<\/div>\n\t\t\t\t\t<\/div>\n\t\t\t\t<\/div>\n\t\t<div class=\"elementor-element elementor-element-e6b602a e-ecs-flex e-flex e-con-boxed e-con e-parent\" data-id=\"e6b602a\" data-element_type=\"container\" data-e-type=\"container\" data-settings=\"{&quot;ecs_container_type&quot;:&quot;flex&quot;}\">\n\t\t\t\t\t<div class=\"e-con-inner\">\n\t\t\t\t<div class=\"elementor-element elementor-element-56c783b elementor-widget elementor-widget-heading\" data-id=\"56c783b\" data-element_type=\"widget\" data-e-type=\"widget\" data-widget_type=\"heading.default\">\n\t\t\t\t<div class=\"elementor-widget-container\">\n\t\t\t\t\t<h4 class=\"elementor-heading-title elementor-size-default\">Vertrag<\/h4>\t\t\t\t<\/div>\n\t\t\t\t<\/div>\n\t\t\t\t<div class=\"elementor-element elementor-element-f0d0a48 elementor-widget elementor-widget-text-editor\" data-id=\"f0d0a48\" data-element_type=\"widget\" data-e-type=\"widget\" data-widget_type=\"text-editor.default\">\n\t\t\t\t<div class=\"elementor-widget-container\">\n\t\t\t\t\t\t\t\t\t<p>Es handelt sich um eine Verpflichtung zwischen zwei oder mehreren Personen, die gegenseitige Pflichten und Verpflichtungen mit sich bringt.<\/p>\n\t\t\t\t\t\t\t\t<\/div>\n\t\t\t\t<\/div>\n\t\t\t\t\t<\/div>\n\t\t\t\t<\/div>\n\t\t\t\t<\/div>\n\t\t","protected":false},"excerpt":{"rendered":"<p>Feiertag Es handelt sich um einen zivilen oder religi\u00f6sen Feiertag. Es gibt einen nationalen Feiertag (1. August) und mehrere kantonale Feiertage. Ferien Es handelt sich um einen Zeitraum, in dem der Arbeitnehmer von der Arbeit freigestellt wird und sich erholen k\u00f6nnen muss. Sie werden zwischen dem Arbeitnehmer und dem Arbeitgeber vereinbart, aber bei Uneinigkeit hat [&hellip;]<\/p>\n","protected":false},"author":1,"featured_media":0,"comment_status":"closed","ping_status":"open","sticky":false,"template":"","format":"standard","meta":{"_acf_changed":false,"footnotes":""},"categories":[49],"tags":[],"class_list":["post-2061","post","type-post","status-publish","format-standard","hentry","category-ausbildung-und-arbeit"],"acf":[],"yoast_head":"<!-- This site is optimized with the Yoast SEO plugin v27.5 - https:\/\/yoast.com\/product\/yoast-seo-wordpress\/ -->\n<title>Lexikon | Reglo.ch<\/title>\n<meta name=\"robots\" content=\"index, follow, max-snippet:-1, max-image-preview:large, max-video-preview:-1\" \/>\n<link rel=\"canonical\" href=\"https:\/\/reglo.ch\/de\/ausbildung-und-arbeit\/lexikon\/\" \/>\n<meta property=\"og:locale\" content=\"de_DE\" \/>\n<meta property=\"og:type\" content=\"article\" \/>\n<meta property=\"og:title\" content=\"Lexikon | Reglo.ch\" \/>\n<meta property=\"og:description\" content=\"Feiertag Es handelt sich um einen zivilen oder religi\u00f6sen Feiertag. Es gibt einen nationalen Feiertag (1. August) und mehrere kantonale Feiertage. Ferien Es handelt sich um einen Zeitraum, in dem der Arbeitnehmer von der Arbeit freigestellt wird und sich erholen k\u00f6nnen muss. Sie werden zwischen dem Arbeitnehmer und dem Arbeitgeber vereinbart, aber bei Uneinigkeit hat [&hellip;]\" \/>\n<meta property=\"og:url\" content=\"https:\/\/reglo.ch\/de\/ausbildung-und-arbeit\/lexikon\/\" \/>\n<meta property=\"og:site_name\" content=\"Reglo.ch\" \/>\n<meta property=\"article:published_time\" content=\"2023-07-13T15:58:00+00:00\" \/>\n<meta property=\"article:modified_time\" content=\"2023-08-17T15:57:22+00:00\" \/>\n<meta property=\"og:image\" content=\"https:\/\/reglo.ch\/wp-content\/uploads\/2023\/06\/reglo-main.jpg\" \/>\n\t<meta property=\"og:image:width\" content=\"2560\" \/>\n\t<meta property=\"og:image:height\" content=\"1440\" \/>\n\t<meta property=\"og:image:type\" content=\"image\/jpeg\" \/>\n<meta name=\"author\" content=\"admin-copilote\" \/>\n<meta name=\"twitter:card\" content=\"summary_large_image\" \/>\n<meta name=\"twitter:label1\" content=\"Verfasst von\" \/>\n\t<meta name=\"twitter:data1\" content=\"admin-copilote\" \/>\n\t<meta name=\"twitter:label2\" content=\"Gesch\u00e4tzte Lesezeit\" \/>\n\t<meta name=\"twitter:data2\" content=\"2\u00a0Minuten\" \/>\n<script type=\"application\/ld+json\" class=\"yoast-schema-graph\">{\"@context\":\"https:\\\/\\\/schema.org\",\"@graph\":[{\"@type\":\"Article\",\"@id\":\"https:\\\/\\\/reglo.ch\\\/de\\\/ausbildung-und-arbeit\\\/lexikon\\\/#article\",\"isPartOf\":{\"@id\":\"https:\\\/\\\/reglo.ch\\\/de\\\/ausbildung-und-arbeit\\\/lexikon\\\/\"},\"author\":{\"name\":\"admin-copilote\",\"@id\":\"https:\\\/\\\/reglo.ch\\\/de\\\/#\\\/schema\\\/person\\\/e1d61ebcb9096eb149df3b01779bda8e\"},\"headline\":\"Lexikon\",\"datePublished\":\"2023-07-13T15:58:00+00:00\",\"dateModified\":\"2023-08-17T15:57:22+00:00\",\"mainEntityOfPage\":{\"@id\":\"https:\\\/\\\/reglo.ch\\\/de\\\/ausbildung-und-arbeit\\\/lexikon\\\/\"},\"wordCount\":331,\"articleSection\":[\"Ausbildung und Arbeit\"],\"inLanguage\":\"de\"},{\"@type\":\"WebPage\",\"@id\":\"https:\\\/\\\/reglo.ch\\\/de\\\/ausbildung-und-arbeit\\\/lexikon\\\/\",\"url\":\"https:\\\/\\\/reglo.ch\\\/de\\\/ausbildung-und-arbeit\\\/lexikon\\\/\",\"name\":\"Lexikon | Reglo.ch\",\"isPartOf\":{\"@id\":\"https:\\\/\\\/reglo.ch\\\/de\\\/#website\"},\"datePublished\":\"2023-07-13T15:58:00+00:00\",\"dateModified\":\"2023-08-17T15:57:22+00:00\",\"author\":{\"@id\":\"https:\\\/\\\/reglo.ch\\\/de\\\/#\\\/schema\\\/person\\\/e1d61ebcb9096eb149df3b01779bda8e\"},\"breadcrumb\":{\"@id\":\"https:\\\/\\\/reglo.ch\\\/de\\\/ausbildung-und-arbeit\\\/lexikon\\\/#breadcrumb\"},\"inLanguage\":\"de\",\"potentialAction\":[{\"@type\":\"ReadAction\",\"target\":[\"https:\\\/\\\/reglo.ch\\\/de\\\/ausbildung-und-arbeit\\\/lexikon\\\/\"]}]},{\"@type\":\"BreadcrumbList\",\"@id\":\"https:\\\/\\\/reglo.ch\\\/de\\\/ausbildung-und-arbeit\\\/lexikon\\\/#breadcrumb\",\"itemListElement\":[{\"@type\":\"ListItem\",\"position\":1,\"name\":\"\ud83c\udfe0\",\"item\":\"https:\\\/\\\/reglo.ch\\\/de\\\/\"},{\"@type\":\"ListItem\",\"position\":2,\"name\":\"Lexikon\"}]},{\"@type\":\"WebSite\",\"@id\":\"https:\\\/\\\/reglo.ch\\\/de\\\/#website\",\"url\":\"https:\\\/\\\/reglo.ch\\\/de\\\/\",\"name\":\"Reglo.ch\",\"description\":\"Tes droits, tes devoirs\",\"potentialAction\":[{\"@type\":\"SearchAction\",\"target\":{\"@type\":\"EntryPoint\",\"urlTemplate\":\"https:\\\/\\\/reglo.ch\\\/de\\\/?s={search_term_string}\"},\"query-input\":{\"@type\":\"PropertyValueSpecification\",\"valueRequired\":true,\"valueName\":\"search_term_string\"}}],\"inLanguage\":\"de\"},{\"@type\":\"Person\",\"@id\":\"https:\\\/\\\/reglo.ch\\\/de\\\/#\\\/schema\\\/person\\\/e1d61ebcb9096eb149df3b01779bda8e\",\"name\":\"admin-copilote\",\"image\":{\"@type\":\"ImageObject\",\"inLanguage\":\"de\",\"@id\":\"https:\\\/\\\/secure.gravatar.com\\\/avatar\\\/6a3aee293b06c15bb19da24e6b885e51848ce8c54589040899d1f72d3b42dcd1?s=96&d=mm&r=g\",\"url\":\"https:\\\/\\\/secure.gravatar.com\\\/avatar\\\/6a3aee293b06c15bb19da24e6b885e51848ce8c54589040899d1f72d3b42dcd1?s=96&d=mm&r=g\",\"contentUrl\":\"https:\\\/\\\/secure.gravatar.com\\\/avatar\\\/6a3aee293b06c15bb19da24e6b885e51848ce8c54589040899d1f72d3b42dcd1?s=96&d=mm&r=g\",\"caption\":\"admin-copilote\"},\"sameAs\":[\"https:\\\/\\\/reglo.ch\"]}]}<\/script>\n<!-- \/ Yoast SEO plugin. -->","yoast_head_json":{"title":"Lexikon | Reglo.ch","robots":{"index":"index","follow":"follow","max-snippet":"max-snippet:-1","max-image-preview":"max-image-preview:large","max-video-preview":"max-video-preview:-1"},"canonical":"https:\/\/reglo.ch\/de\/ausbildung-und-arbeit\/lexikon\/","og_locale":"de_DE","og_type":"article","og_title":"Lexikon | Reglo.ch","og_description":"Feiertag Es handelt sich um einen zivilen oder religi\u00f6sen Feiertag. Es gibt einen nationalen Feiertag (1. August) und mehrere kantonale Feiertage. Ferien Es handelt sich um einen Zeitraum, in dem der Arbeitnehmer von der Arbeit freigestellt wird und sich erholen k\u00f6nnen muss. Sie werden zwischen dem Arbeitnehmer und dem Arbeitgeber vereinbart, aber bei Uneinigkeit hat [&hellip;]","og_url":"https:\/\/reglo.ch\/de\/ausbildung-und-arbeit\/lexikon\/","og_site_name":"Reglo.ch","article_published_time":"2023-07-13T15:58:00+00:00","article_modified_time":"2023-08-17T15:57:22+00:00","og_image":[{"width":2560,"height":1440,"url":"https:\/\/reglo.ch\/wp-content\/uploads\/2023\/06\/reglo-main.jpg","type":"image\/jpeg"}],"author":"admin-copilote","twitter_card":"summary_large_image","twitter_misc":{"Verfasst von":"admin-copilote","Gesch\u00e4tzte Lesezeit":"2\u00a0Minuten"},"schema":{"@context":"https:\/\/schema.org","@graph":[{"@type":"Article","@id":"https:\/\/reglo.ch\/de\/ausbildung-und-arbeit\/lexikon\/#article","isPartOf":{"@id":"https:\/\/reglo.ch\/de\/ausbildung-und-arbeit\/lexikon\/"},"author":{"name":"admin-copilote","@id":"https:\/\/reglo.ch\/de\/#\/schema\/person\/e1d61ebcb9096eb149df3b01779bda8e"},"headline":"Lexikon","datePublished":"2023-07-13T15:58:00+00:00","dateModified":"2023-08-17T15:57:22+00:00","mainEntityOfPage":{"@id":"https:\/\/reglo.ch\/de\/ausbildung-und-arbeit\/lexikon\/"},"wordCount":331,"articleSection":["Ausbildung und Arbeit"],"inLanguage":"de"},{"@type":"WebPage","@id":"https:\/\/reglo.ch\/de\/ausbildung-und-arbeit\/lexikon\/","url":"https:\/\/reglo.ch\/de\/ausbildung-und-arbeit\/lexikon\/","name":"Lexikon | Reglo.ch","isPartOf":{"@id":"https:\/\/reglo.ch\/de\/#website"},"datePublished":"2023-07-13T15:58:00+00:00","dateModified":"2023-08-17T15:57:22+00:00","author":{"@id":"https:\/\/reglo.ch\/de\/#\/schema\/person\/e1d61ebcb9096eb149df3b01779bda8e"},"breadcrumb":{"@id":"https:\/\/reglo.ch\/de\/ausbildung-und-arbeit\/lexikon\/#breadcrumb"},"inLanguage":"de","potentialAction":[{"@type":"ReadAction","target":["https:\/\/reglo.ch\/de\/ausbildung-und-arbeit\/lexikon\/"]}]},{"@type":"BreadcrumbList","@id":"https:\/\/reglo.ch\/de\/ausbildung-und-arbeit\/lexikon\/#breadcrumb","itemListElement":[{"@type":"ListItem","position":1,"name":"\ud83c\udfe0","item":"https:\/\/reglo.ch\/de\/"},{"@type":"ListItem","position":2,"name":"Lexikon"}]},{"@type":"WebSite","@id":"https:\/\/reglo.ch\/de\/#website","url":"https:\/\/reglo.ch\/de\/","name":"Reglo.ch","description":"Tes droits, tes devoirs","potentialAction":[{"@type":"SearchAction","target":{"@type":"EntryPoint","urlTemplate":"https:\/\/reglo.ch\/de\/?s={search_term_string}"},"query-input":{"@type":"PropertyValueSpecification","valueRequired":true,"valueName":"search_term_string"}}],"inLanguage":"de"},{"@type":"Person","@id":"https:\/\/reglo.ch\/de\/#\/schema\/person\/e1d61ebcb9096eb149df3b01779bda8e","name":"admin-copilote","image":{"@type":"ImageObject","inLanguage":"de","@id":"https:\/\/secure.gravatar.com\/avatar\/6a3aee293b06c15bb19da24e6b885e51848ce8c54589040899d1f72d3b42dcd1?s=96&d=mm&r=g","url":"https:\/\/secure.gravatar.com\/avatar\/6a3aee293b06c15bb19da24e6b885e51848ce8c54589040899d1f72d3b42dcd1?s=96&d=mm&r=g","contentUrl":"https:\/\/secure.gravatar.com\/avatar\/6a3aee293b06c15bb19da24e6b885e51848ce8c54589040899d1f72d3b42dcd1?s=96&d=mm&r=g","caption":"admin-copilote"},"sameAs":["https:\/\/reglo.ch"]}]}},"_links":{"self":[{"href":"https:\/\/reglo.ch\/de\/wp-json\/wp\/v2\/posts\/2061","targetHints":{"allow":["GET"]}}],"collection":[{"href":"https:\/\/reglo.ch\/de\/wp-json\/wp\/v2\/posts"}],"about":[{"href":"https:\/\/reglo.ch\/de\/wp-json\/wp\/v2\/types\/post"}],"author":[{"embeddable":true,"href":"https:\/\/reglo.ch\/de\/wp-json\/wp\/v2\/users\/1"}],"replies":[{"embeddable":true,"href":"https:\/\/reglo.ch\/de\/wp-json\/wp\/v2\/comments?post=2061"}],"version-history":[{"count":15,"href":"https:\/\/reglo.ch\/de\/wp-json\/wp\/v2\/posts\/2061\/revisions"}],"predecessor-version":[{"id":2746,"href":"https:\/\/reglo.ch\/de\/wp-json\/wp\/v2\/posts\/2061\/revisions\/2746"}],"wp:attachment":[{"href":"https:\/\/reglo.ch\/de\/wp-json\/wp\/v2\/media?parent=2061"}],"wp:term":[{"taxonomy":"category","embeddable":true,"href":"https:\/\/reglo.ch\/de\/wp-json\/wp\/v2\/categories?post=2061"},{"taxonomy":"post_tag","embeddable":true,"href":"https:\/\/reglo.ch\/de\/wp-json\/wp\/v2\/tags?post=2061"}],"curies":[{"name":"wp","href":"https:\/\/api.w.org\/{rel}","templated":true}]}}